{"id":7434,"date":"2016-07-10T16:30:31","date_gmt":"2016-07-10T14:30:31","guid":{"rendered":"http:\/\/culturedelapaix.org\/blogs\/Rennes\/?p=7434"},"modified":"2016-07-10T16:30:31","modified_gmt":"2016-07-10T14:30:31","slug":"ziad-medokh-nous-ecrit-depuis-gaza-deux-ans-apres-nous-noublierons-pas","status":"publish","type":"post","link":"https:\/\/culturedelapaix.org\/blogs\/Rennes\/2016\/07\/10\/ziad-medokh-nous-ecrit-depuis-gaza-deux-ans-apres-nous-noublierons-pas\/","title":{"rendered":"Ziad Medokh nous \u00e9crit depuis Gaza \u00ab\u00a0Deux ans apr\u00e8s, nous n\u2019oublierons pas\u00a0\u00bb"},"content":{"rendered":"<p>Ziad Medoukh est professeur de fran\u00e7ais \u00e0 Gaza et militant pour la paix<\/p>\n<blockquote>\n<p>7 Juillet 2014, 7 juillet 2016! Deux ans d\u00e9j\u00e0, deux ans se sont \u00e9coul\u00e9s depuis le d\u00e9but de  la nouvelle agression isra\u00e9lienne contre la bande de Gaza en juillet-ao\u00fbt 2014-la troisi\u00e8me en cinq ans. C\u2019est comme si c\u2019\u00e9tait hier, un \u00e9v\u00e9nement terrible en Palestine, un v\u00e9ritable carnage \u00e0 Gaza, des crimes et des massacres isra\u00e9liens contre des civils et des innocents.<\/p>\n<p>Cette nouvelle attaque avait pour objectif de briser la volont\u00e9 d\u2019une population r\u00e9sistante, d&rsquo;une population courageuse qui a r\u00e9solu de d\u00e9fier le blocus, mais qui a surtout d\u00e9cid\u00e9 de rester attach\u00e9e \u00e0 sa terre, en d\u00e9pit de toutes les difficult\u00e9s et des mesures atroces d\u2019une occupation aveugle.<\/p>\n<p>Je ne vais pas revenir dans cet article sur les \u00e9v\u00e9nements tragiques de cette derni\u00e8re offensive contre la population civile de Gaza, une offensive men\u00e9e par une puissance militaire contre des enfants, des femmes, des personnes \u00e2g\u00e9es, et des innocents, dans un territoire enferm\u00e9, isol\u00e9 et soumis  \u00e0 un blocus inhumain, offensive qui a dur\u00e9 plus de 50 jours.<\/p>\n<p>Je ne vais rappeler les pertes humaines de ce nouveau pilonnage &#8211; plus de 2200 morts, parmi eux, 600 enfants,  et 11000 bless\u00e9s, civils et enfants en majorit\u00e9-, sans oublier la destruction massive de l&rsquo;infrastructure civile de la bande de Gaza.<\/p>\n<p>Je ne vais rappeler ce drame, parce que le monde entier le conna\u00eet, mais je veux seulement dire \u00e0 ce monde que rien n\u2019a chang\u00e9 dans notre r\u00e9gion oubli\u00e9e, deux ans apr\u00e8s ce nouveau massacre contre nos civils.<\/p>\n<p>Ces jours-ci, les Palestiniens en g\u00e9n\u00e9ral, les habitants de Gaza en particulier et avec eux, tous les solidaires internationaux, comm\u00e9morent le deuxi\u00e8me anniversaire de l\u2019agression isra\u00e9lienne de l\u2019\u00e9t\u00e9 2014.<\/p>\n<p>Difficile d\u2019oublier &#8211; et il sera difficile d\u2019oublier, m\u00eame apr\u00e8s des ann\u00e9es et des ann\u00e9es-, difficile de sortir de nos m\u00e9moires ces images bouleversantes de 50 jours de bombes, de missiles et d&rsquo;attaques sanglantes.<\/p>\n<p>Il est impossible pour nous Palestiniens de Gaza d\u2019oublier la guerre, les morts et les bless\u00e9s, les maisons et les \u00e9coles d\u00e9truites, les massacres, et les crimes commis par cette arm\u00e9e d\u2019occupation, contre nos femmes et nos enfants, contre nos biens et nos structures, contre notre volont\u00e9 et notre r\u00e9sistance, contre notre avenir et notre existence.<\/p>\n<p>Comment pourrait-on effacer les \u00e9v\u00e9nements dramatiques de cette guerre isra\u00e9lienne contre la population civile de Gaza ? Lequel d\u2019entre nous pourrait oublier les pertes humaines, la destruction massive de nos infrastructure civiles ? Y-a-il un seul palestinien de Gaza qui n\u2019ait pas \u00e9t\u00e9 touch\u00e9 directement ou indirectement par les attaques sanglantes d\u2019une arm\u00e9e d\u2019occupation qui visait avant tout les civils ?<\/p>\n<p>Deux ans apr\u00e8s : aucun projet de reconstruction priv\u00e9 ou public n\u2019a commenc\u00e9 dans les rues de Gaza qui t\u00e9moignent de la barbarie subie pendant ces 50 jours. Partout, ce ne sont que ruines des maisons, des immeubles, des mosqu\u00e9es, des \u00e9coles, des stades, des usines ou des b\u00e2timents d\u00e9truits et vis\u00e9s par les bombardements isra\u00e9liens.<\/p>\n<p>Deux ans apr\u00e8s : les attaques et les agressions se poursuivent jour et nuit provoquant la mort de civils et des d\u00e9g\u00e2ts importants. Et cela se poursuivra tant que ces crimes resteront impunis, et tant que cette \u00e9tat d\u2019apartheid et d\u2019occupation ne sera pas jug\u00e9 pour les crimes de guerre commis contre les enfants de Gaza.<\/p>\n<p>Deux ans apr\u00e8s : rien n\u2019a chang\u00e9 pour les sans-abris, plus de 5.000 habitants vivent toujours sous des tentes, dans des caravanes inhabitables, ou \u00e0 c\u00f4t\u00e9 des ruines de leurs maisons d\u00e9truites dans des conditions tr\u00e8s difficiles, beaucoup d\u2019habitations n\u2019ont pas \u00e9t\u00e9 r\u00e9par\u00e9es, \u00e0 cause du maintien du blocus et de l\u2019interdiction d\u2019entr\u00e9e, par ordre militaire isra\u00e9lien, des mat\u00e9riaux de construction.<\/p>\n<p>Deux ans apr\u00e8s : beaucoup d\u2019\u00e9v\u00e9nements se sont pass\u00e9s en Palestine, notamment le d\u00e9clenchement d\u2019un soul\u00e8vement populaire en Cisjordanie, dans la r\u00e9gion, avec l\u2019accord entre la Turquie et Isra\u00ebl, et dans le monde, avec la conf\u00e9rence de paix en France, mais pour la population civile de cette r\u00e9gion abandonn\u00e9e : rien n\u2019a chang\u00e9.<\/p>\n<p>Deux ans apr\u00e8s : Gaza est toujours sous blocus, Gaza subit les bombardements et les raids isra\u00e9liens, Gaza est plus que jamais une prison \u00e0 ciel ouvert. Et l\u2019arm\u00e9e de l\u2019occupation poursuit sa politique agressive \u00e0 l\u2019encontre des Palestiniens.<\/p>\n<p>Deux ans apr\u00e8s cette nouvelle offensive, la situation stagne, rien ne bouge. Pour plus de 1,9 millions habitants toujours enferm\u00e9s, cette situation reste tr\u00e8s grave \u00e0 tous les niveaux, surtout sur le  plan humanitaire, malgr\u00e9, partout dans le monde, la mobilisation internationale contre les crimes isra\u00e9liens et malgr\u00e9 les promesses de reconstruction rapide.<\/p>\n<p>Deux ans apr\u00e8s, aucune enqu\u00eate officielle a \u00e9t\u00e9 faite pour juger les criminels de guerre isra\u00e9liens, et aucune commission s\u2019est rendue sur place pour constater l\u2019ampleur de cette horreur absolue.<\/p>\n<p>Deux ans apr\u00e8s, suite \u00e0 leur r\u00e9sistance remarquable contre les armes de l&rsquo;aviation, de la marine et la force terrestre isra\u00e9liennes, rien ne semble diff\u00e9rent pour les Palestiniens de Gaza, toujours \u00e0 la recherche d&rsquo;une solution politique et pas seulement humanitaire. Les passages et les fronti\u00e8res avec l&rsquo;ext\u00e9rieur sont souvent ferm\u00e9s par ordre militaire isra\u00e9lien et les produits alimentaires et autres qui entrent \u00e0 Gaza sont rares. Les autorit\u00e9s isra\u00e9liennes ouvrent le seul passage commercial  qui relie la bande de Gaza \u00e0 l\u2019ext\u00e9rieur deux ou trois fois par semaine pour permettre l&rsquo;entr\u00e9e de 300 camions et de quelques convois humanitaires. Parmi ces camions, 5 \u00e0 6 seulement contiennent des mat\u00e9riaux de construction, souvent destin\u00e9s aux projets internationaux. Ce passage se ferme sous n\u2019importe quel pr\u00e9texte, par d\u00e9cision isra\u00e9lienne, sans prendre en consid\u00e9ration les besoins \u00e9normes de la population civile.<\/p>\n<p>Chaque foyer \u00e0 Gaza n\u2019a droit qu\u2019\u00e0 8 heures d\u2019\u00e9lectricit\u00e9 par jour, car la seule centrale \u00e9lectrique, qui a \u00e9t\u00e9 d\u00e9truite en juillet 2014, ne fonctionne pas, par manque de fioul et de carburant. Les cons\u00e9quences sont dramatiques pour les h\u00f4pitaux, les centres m\u00e9dicaux, et les institutions \u00e9ducatives.<\/p>\n<p>L\u2019arm\u00e9e isra\u00e9lienne viole presque tous les jours l\u2019accord du cessez le feu et ne respecte pas la tr\u00eave. Souvent, les chars m\u00e8nent des incursions dans la bande de Gaza. Les soldats  contr\u00f4lent toujours les zones tampons sur les zones frontali\u00e8res et tirent sur les paysans. La marine emp\u00eache l\u2019extension de la zone de p\u00eache et tire sur les p\u00eacheurs palestiniens et leurs bateaux. Malgr\u00e9 la retenue des factions de Gaza, l\u2019arm\u00e9e d&rsquo;occupation poursuit ses provocations.<\/p>\n<p>Les Palestiniens de Gaza craignent la reprise des attaques isra\u00e9liennes \u00e0 n\u2019importe quel moment et sous n\u2019importe quel pr\u00e9texte, car la communaut\u00e9 internationale officielle qui a gard\u00e9 un silence complice durant l\u2019offensive isra\u00e9lienne de l\u2019\u00e9t\u00e9 dernier, n&rsquo;exerce pas de pressions sur le gouvernement isra\u00e9lien afin qu&rsquo;il l\u00e8ve le blocus impos\u00e9 \u00e0 la population depuis plus de 9 ans.<\/p>\n<p>Les habitants de Gaza, \u00e9puis\u00e9s \u00e0 la fin de cette nouvelle agression, ont peur pour leurs enfants et leur avenir. Ils esp\u00e8rent le d\u00e9but rapide des projets de reconstruction, notamment apr\u00e8s les promesses internationales.<\/p>\n<p>L\u2019aspect le plus grave de toute cette situation difficile, aspect qui marque l\u2019esprit de la majorit\u00e9 des habitants, est l\u2019absence de perspectives pour ces gens qui ne voient aucun changement. C\u2019est un sentiment horrible qui va influencer l\u2019avenir de cette g\u00e9n\u00e9ration, surtout des jeunes.<\/p>\n<p>Les Palestiniens de Gaza attendent et attendent. Il n\u2019ont pas d\u2019autre choix que d\u2019attendre. Ils attendent une ouverture, ils attendent la lev\u00e9e de ce blocus inhumain, impos\u00e9 depuis plus de 9 ans, ils attendent une r\u00e9elle r\u00e9action internationale qui mette fin \u00e0 l\u2019impunit\u00e9 de cet occupant. Ils attendent avec un courage \u00e0 toute \u00e9preuve, une s\u00e9r\u00e9nit\u00e9 exemplaire et une volont\u00e9 remarquable. Ils attendent avec un message simple est claire : nous n\u2019oublierons pas.<\/p>\n<p>En attendant, \u00e0 Gaza, la vie continue, ses habitants confiants et d\u00e9termin\u00e9s s\u2019adaptent et montrent une patience extraordinaire, ils tiennent bon, persistent, patientent, r\u00e9sistent, restent \u00e0 c\u00f4t\u00e9 de leurs maisons d\u00e9truites, mais surtout, ils continuent d\u2019esp\u00e9rer, esp\u00e9rer un changement radical, une solution politique. Ils esp\u00e8rent en un lendemain meilleur, un lendemain de libert\u00e9, de paix, mais, avant tout et surtout, un lendemain de justice.<\/p>\n<p><img data-attachment-id=\"7436\" data-permalink=\"https:\/\/culturedelapaix.org\/blogs\/Rennes\/2016\/07\/10\/ziad-medokh-nous-ecrit-depuis-gaza-deux-ans-apres-nous-noublierons-pas\/160710-deuxansgza1\/\" data-orig-file=\"https:\/\/culturedelapaix.org\/blogs\/Rennes\/wp-content\/uploads\/160710-deuxansgza1.jpg\" data-orig-size=\"400,300\" data-comments-opened=\"1\" data-image-meta=\"{&quot;aperture&quot;:&quot;0&quot;,&quot;credit&quot;:&quot;&quot;,&quot;camera&quot;:&quot;&quot;,&quot;caption&quot;:&quot;&quot;,&quot;created_timestamp&quot;:&quot;0&quot;,&quot;copyright&quot;:&quot;&quot;,&quot;focal_length&quot;:&quot;0&quot;,&quot;iso&quot;:&quot;0&quot;,&quot;shutter_speed&quot;:&quot;0&quot;,&quot;title&quot;:&quot;&quot;,&quot;orientation&quot;:&quot;0&quot;}\" data-image-title=\"Ziad Medoukh : deux ans apr\u00e8s le 7 juillet 2014\" data-image-description=\"&lt;p&gt;Ziad Medoukh : deux ans apr\u00e8s le 7 juillet 2014&lt;\/p&gt;\n\" data-image-caption=\"\" data-medium-file=\"https:\/\/culturedelapaix.org\/blogs\/Rennes\/wp-content\/uploads\/160710-deuxansgza1-300x225.jpg\" data-large-file=\"https:\/\/culturedelapaix.org\/blogs\/Rennes\/wp-content\/uploads\/160710-deuxansgza1.jpg\" decoding=\"async\" loading=\"lazy\" src=\"http:\/\/culturedelapaix.org\/blogs\/Rennes\/wp-content\/uploads\/160710-deuxansgza1.jpg\" alt=\"Ziad Medoukh : deux ans apr\u00e8s le 7 juillet 2014\" width=\"400\" height=\"300\" class=\"alignnone size-full wp-image-7436\" srcset=\"https:\/\/culturedelapaix.org\/blogs\/Rennes\/wp-content\/uploads\/160710-deuxansgza1.jpg 400w, https:\/\/culturedelapaix.org\/blogs\/Rennes\/wp-content\/uploads\/160710-deuxansgza1-300x225.jpg 300w\" sizes=\"(max-width: 400px) 100vw, 400px\" \/><br \/>\n<img data-attachment-id=\"7437\" data-permalink=\"https:\/\/culturedelapaix.org\/blogs\/Rennes\/2016\/07\/10\/ziad-medokh-nous-ecrit-depuis-gaza-deux-ans-apres-nous-noublierons-pas\/160710-deuxansgza2\/\" data-orig-file=\"https:\/\/culturedelapaix.org\/blogs\/Rennes\/wp-content\/uploads\/160710-deuxansgza2.jpg\" data-orig-size=\"400,266\" data-comments-opened=\"1\" data-image-meta=\"{&quot;aperture&quot;:&quot;0&quot;,&quot;credit&quot;:&quot;&quot;,&quot;camera&quot;:&quot;&quot;,&quot;caption&quot;:&quot;&quot;,&quot;created_timestamp&quot;:&quot;0&quot;,&quot;copyright&quot;:&quot;&quot;,&quot;focal_length&quot;:&quot;0&quot;,&quot;iso&quot;:&quot;0&quot;,&quot;shutter_speed&quot;:&quot;0&quot;,&quot;title&quot;:&quot;&quot;,&quot;orientation&quot;:&quot;0&quot;}\" data-image-title=\"Ziad Medoukh : deux ans apr\u00e8s le 7 juillet 2014\" data-image-description=\"&lt;p&gt;Ziad Medoukh : deux ans apr\u00e8s le 7 juillet 2014&lt;\/p&gt;\n\" data-image-caption=\"\" data-medium-file=\"https:\/\/culturedelapaix.org\/blogs\/Rennes\/wp-content\/uploads\/160710-deuxansgza2-300x200.jpg\" data-large-file=\"https:\/\/culturedelapaix.org\/blogs\/Rennes\/wp-content\/uploads\/160710-deuxansgza2.jpg\" decoding=\"async\" loading=\"lazy\" src=\"http:\/\/culturedelapaix.org\/blogs\/Rennes\/wp-content\/uploads\/160710-deuxansgza2.jpg\" alt=\"Ziad Medoukh : deux ans apr\u00e8s le 7 juillet 2014\" width=\"400\" height=\"266\" class=\"alignnone size-full wp-image-7437\" srcset=\"https:\/\/culturedelapaix.org\/blogs\/Rennes\/wp-content\/uploads\/160710-deuxansgza2.jpg 400w, https:\/\/culturedelapaix.org\/blogs\/Rennes\/wp-content\/uploads\/160710-deuxansgza2-300x200.jpg 300w\" sizes=\"(max-width: 400px) 100vw, 400px\" \/><br \/>\n<img data-attachment-id=\"7438\" data-permalink=\"https:\/\/culturedelapaix.org\/blogs\/Rennes\/2016\/07\/10\/ziad-medokh-nous-ecrit-depuis-gaza-deux-ans-apres-nous-noublierons-pas\/160710-deuxansgza3\/\" data-orig-file=\"https:\/\/culturedelapaix.org\/blogs\/Rennes\/wp-content\/uploads\/160710-deuxansgza3.jpg\" data-orig-size=\"400,267\" data-comments-opened=\"1\" data-image-meta=\"{&quot;aperture&quot;:&quot;0&quot;,&quot;credit&quot;:&quot;&quot;,&quot;camera&quot;:&quot;&quot;,&quot;caption&quot;:&quot;&quot;,&quot;created_timestamp&quot;:&quot;0&quot;,&quot;copyright&quot;:&quot;&quot;,&quot;focal_length&quot;:&quot;0&quot;,&quot;iso&quot;:&quot;0&quot;,&quot;shutter_speed&quot;:&quot;0&quot;,&quot;title&quot;:&quot;&quot;,&quot;orientation&quot;:&quot;0&quot;}\" data-image-title=\"Ziad Medoukh : deux ans apr\u00e8s le 7 juillet 2014\" data-image-description=\"&lt;p&gt;Ziad Medoukh : deux ans apr\u00e8s le 7 juillet 2014&lt;\/p&gt;\n\" data-image-caption=\"\" data-medium-file=\"https:\/\/culturedelapaix.org\/blogs\/Rennes\/wp-content\/uploads\/160710-deuxansgza3-300x200.jpg\" data-large-file=\"https:\/\/culturedelapaix.org\/blogs\/Rennes\/wp-content\/uploads\/160710-deuxansgza3.jpg\" decoding=\"async\" loading=\"lazy\" src=\"http:\/\/culturedelapaix.org\/blogs\/Rennes\/wp-content\/uploads\/160710-deuxansgza3.jpg\" alt=\"Ziad Medoukh : deux ans apr\u00e8s le 7 juillet 2014\" width=\"400\" height=\"267\" class=\"alignnone size-full wp-image-7438\" srcset=\"https:\/\/culturedelapaix.org\/blogs\/Rennes\/wp-content\/uploads\/160710-deuxansgza3.jpg 400w, https:\/\/culturedelapaix.org\/blogs\/Rennes\/wp-content\/uploads\/160710-deuxansgza3-300x200.jpg 300w\" sizes=\"(max-width: 400px) 100vw, 400px\" \/><br \/>\n<img data-attachment-id=\"7439\" data-permalink=\"https:\/\/culturedelapaix.org\/blogs\/Rennes\/2016\/07\/10\/ziad-medokh-nous-ecrit-depuis-gaza-deux-ans-apres-nous-noublierons-pas\/160710-deuxansgza4\/\" data-orig-file=\"https:\/\/culturedelapaix.org\/blogs\/Rennes\/wp-content\/uploads\/160710-deuxansgza4.jpg\" data-orig-size=\"400,267\" data-comments-opened=\"1\" data-image-meta=\"{&quot;aperture&quot;:&quot;0&quot;,&quot;credit&quot;:&quot;&quot;,&quot;camera&quot;:&quot;&quot;,&quot;caption&quot;:&quot;&quot;,&quot;created_timestamp&quot;:&quot;0&quot;,&quot;copyright&quot;:&quot;&quot;,&quot;focal_length&quot;:&quot;0&quot;,&quot;iso&quot;:&quot;0&quot;,&quot;shutter_speed&quot;:&quot;0&quot;,&quot;title&quot;:&quot;&quot;,&quot;orientation&quot;:&quot;0&quot;}\" data-image-title=\"Ziad Medoukh : deux ans apr\u00e8s le 7 juillet 2014\" data-image-description=\"&lt;p&gt;Ziad Medoukh : deux ans apr\u00e8s le 7 juillet 2014&lt;\/p&gt;\n\" data-image-caption=\"\" data-medium-file=\"https:\/\/culturedelapaix.org\/blogs\/Rennes\/wp-content\/uploads\/160710-deuxansgza4-300x200.jpg\" data-large-file=\"https:\/\/culturedelapaix.org\/blogs\/Rennes\/wp-content\/uploads\/160710-deuxansgza4.jpg\" decoding=\"async\" loading=\"lazy\" src=\"http:\/\/culturedelapaix.org\/blogs\/Rennes\/wp-content\/uploads\/160710-deuxansgza4.jpg\" alt=\"Ziad Medoukh : deux ans apr\u00e8s le 7 juillet 2014\" width=\"400\" height=\"267\" class=\"alignnone size-full wp-image-7439\" srcset=\"https:\/\/culturedelapaix.org\/blogs\/Rennes\/wp-content\/uploads\/160710-deuxansgza4.jpg 400w, https:\/\/culturedelapaix.org\/blogs\/Rennes\/wp-content\/uploads\/160710-deuxansgza4-300x200.jpg 300w\" sizes=\"(max-width: 400px) 100vw, 400px\" \/><\/p><\/blockquote>\n<p>Ziadh Medoukh, Gaza, 8 juillet 2016<\/p>\n","protected":false},"excerpt":{"rendered":"<p>Ziad Medoukh est professeur de fran\u00e7ais \u00e0 Gaza et militant pour la paix 7 Juillet 2014, 7 juillet 2016! Deux ans d\u00e9j\u00e0, deux ans se sont \u00e9coul\u00e9s depuis le d\u00e9but de la nouvelle agression isra\u00e9lienne contre la bande de Gaza en juillet-ao\u00fbt 2014-la troisi\u00e8me en cinq ans. C\u2019est comme si c\u2019\u00e9tait hier, un \u00e9v\u00e9nement terrible [&hellip;]<\/p>\n","protected":false},"author":1,"featured_media":0,"comment_status":"open","ping_status":"closed","sticky":false,"template":"","format":"standard","meta":{"_jetpack_newsletter_access":""},"categories":[1],"tags":[118,95,12],"jetpack_featured_media_url":"","jetpack_sharing_enabled":true,"jetpack_likes_enabled":true,"_links":{"self":[{"href":"https:\/\/culturedelapaix.org\/blogs\/Rennes\/wp-json\/wp\/v2\/posts\/7434"}],"collection":[{"href":"https:\/\/culturedelapaix.org\/blogs\/Rennes\/wp-json\/wp\/v2\/posts"}],"about":[{"href":"https:\/\/culturedelapaix.org\/blogs\/Rennes\/wp-json\/wp\/v2\/types\/post"}],"author":[{"embeddable":true,"href":"https:\/\/culturedelapaix.org\/blogs\/Rennes\/wp-json\/wp\/v2\/users\/1"}],"replies":[{"embeddable":true,"href":"https:\/\/culturedelapaix.org\/blogs\/Rennes\/wp-json\/wp\/v2\/comments?post=7434"}],"version-history":[{"count":4,"href":"https:\/\/culturedelapaix.org\/blogs\/Rennes\/wp-json\/wp\/v2\/posts\/7434\/revisions"}],"predecessor-version":[{"id":7442,"href":"https:\/\/culturedelapaix.org\/blogs\/Rennes\/wp-json\/wp\/v2\/posts\/7434\/revisions\/7442"}],"wp:attachment":[{"href":"https:\/\/culturedelapaix.org\/blogs\/Rennes\/wp-json\/wp\/v2\/media?parent=7434"}],"wp:term":[{"taxonomy":"category","embeddable":true,"href":"https:\/\/culturedelapaix.org\/blogs\/Rennes\/wp-json\/wp\/v2\/categories?post=7434"},{"taxonomy":"post_tag","embeddable":true,"href":"https:\/\/culturedelapaix.org\/blogs\/Rennes\/wp-json\/wp\/v2\/tags?post=7434"}],"curies":[{"name":"wp","href":"https:\/\/api.w.org\/{rel}","templated":true}]}}