{"id":6167,"date":"2015-03-25T14:42:39","date_gmt":"2015-03-25T13:42:39","guid":{"rendered":"http:\/\/culturedelapaix.org\/blogs\/Rennes\/?p=6167"},"modified":"2015-03-25T14:42:39","modified_gmt":"2015-03-25T13:42:39","slug":"a-tunis-les-peuples-du-monde-marchent-contre-le-terrorisme","status":"publish","type":"post","link":"https:\/\/culturedelapaix.org\/blogs\/Rennes\/2015\/03\/25\/a-tunis-les-peuples-du-monde-marchent-contre-le-terrorisme\/","title":{"rendered":"A Tunis \u00ab\u00a0les peuples du monde marchent contre le terrorisme\u00a0\u00bb"},"content":{"rendered":"<p>Hier \u00e0 partir de 15 heures c\u2019\u00e9tait la marche internationale contre le terrorisme. Elle nous a conduit depuis la place Bab Saadoun au Bardo.<\/p>\n<p>Moi qui ai quitt\u00e9 la Bretagne lundi midi sous le soleil, je pensais retrouver le soleil du Maghreb pour une belle manifestation ensoleill\u00e9e \u00e0 Tunis.<\/p>\n<p>Le th\u00e8me de la marche c\u2019\u00e9tait: \u00ab\u00a0les peuples du monde contre le terrorisme\u00a0\u00bb.<\/p>\n<p>Malgr\u00e9 la pluie des dizaines de milliers de personnes venant du monde entier mais au coude \u00e0 coude avec les Tunisiens et des tunisiennes ont particip\u00e9 \u00e0 cette marche. Le chiffre de 100 000 \u00e9tait avanc\u00e9.<\/p>\n<p>L\u2019image qui m\u2019a marqu\u00e9 hier ce sont des jeunes alg\u00e9riens et Tunisiens dans un camion devant le mus\u00e9e bardo au coude \u00e0 coude avec les drapeaux alg\u00e9riens et tunisiens entrelac\u00e9s qui scandaient les slogans de la derni\u00e8re coupe du monde de football mais adapt\u00e9s \u00e0 la circonstance \u00ab\u00a0one, two three, viva l\u2019Alg\u00e9rie et la Tunisie\u00a0\u00bb ou \u00ab\u00a0tunisiens- alg\u00e9riens nous sommes fr\u00e8res et unis contre le terrorisme\u00a0\u00bb et \u00ab\u00a0tous unis contre le terrorisme\u00a0\u00bb.<\/p>\n<p>Mon appareil photo ne marchait pas dommage, je vais essayer de trouver des photos.<\/p>\n<p>Fati Shams &#8211; Tunis 25\/03\/2015<\/p>\n<p><img data-attachment-id=\"6168\" data-permalink=\"https:\/\/culturedelapaix.org\/blogs\/Rennes\/2015\/03\/25\/a-tunis-les-peuples-du-monde-marchent-contre-le-terrorisme\/150325-tunis-algerie\/\" data-orig-file=\"https:\/\/culturedelapaix.org\/blogs\/Rennes\/wp-content\/uploads\/150325-tunis-algerie.jpg\" data-orig-size=\"660,495\" data-comments-opened=\"1\" data-image-meta=\"{&quot;aperture&quot;:&quot;0&quot;,&quot;credit&quot;:&quot;&quot;,&quot;camera&quot;:&quot;&quot;,&quot;caption&quot;:&quot;&quot;,&quot;created_timestamp&quot;:&quot;0&quot;,&quot;copyright&quot;:&quot;&quot;,&quot;focal_length&quot;:&quot;0&quot;,&quot;iso&quot;:&quot;0&quot;,&quot;shutter_speed&quot;:&quot;0&quot;,&quot;title&quot;:&quot;&quot;,&quot;orientation&quot;:&quot;0&quot;}\" data-image-title=\"marche en tunis avec des drapeaux d&amp;rsquo;algerie\" data-image-description=\"&lt;p&gt;marche en tunis avec des drapeaux d&amp;rsquo;algerie&lt;\/p&gt;\n\" data-image-caption=\"\" data-medium-file=\"https:\/\/culturedelapaix.org\/blogs\/Rennes\/wp-content\/uploads\/150325-tunis-algerie-300x225.jpg\" data-large-file=\"https:\/\/culturedelapaix.org\/blogs\/Rennes\/wp-content\/uploads\/150325-tunis-algerie.jpg\" decoding=\"async\" loading=\"lazy\" src=\"http:\/\/culturedelapaix.org\/blogs\/Rennes\/wp-content\/uploads\/150325-tunis-algerie.jpg\" alt=\"marche en tunis avec des drapeaux d&#039;algerie\" width=\"660\" height=\"495\" class=\"aligncenter size-full wp-image-6168\" srcset=\"https:\/\/culturedelapaix.org\/blogs\/Rennes\/wp-content\/uploads\/150325-tunis-algerie.jpg 660w, https:\/\/culturedelapaix.org\/blogs\/Rennes\/wp-content\/uploads\/150325-tunis-algerie-300x225.jpg 300w\" sizes=\"(max-width: 660px) 100vw, 660px\" \/>\n<p<&nbsp;<\/p>\n<p><img data-attachment-id=\"6169\" data-permalink=\"https:\/\/culturedelapaix.org\/blogs\/Rennes\/2015\/03\/25\/a-tunis-les-peuples-du-monde-marchent-contre-le-terrorisme\/150325-tunis-marche\/\" data-orig-file=\"https:\/\/culturedelapaix.org\/blogs\/Rennes\/wp-content\/uploads\/150325-tunis-marche.jpg\" data-orig-size=\"660,495\" data-comments-opened=\"1\" data-image-meta=\"{&quot;aperture&quot;:&quot;0&quot;,&quot;credit&quot;:&quot;&quot;,&quot;camera&quot;:&quot;&quot;,&quot;caption&quot;:&quot;&quot;,&quot;created_timestamp&quot;:&quot;0&quot;,&quot;copyright&quot;:&quot;&quot;,&quot;focal_length&quot;:&quot;0&quot;,&quot;iso&quot;:&quot;0&quot;,&quot;shutter_speed&quot;:&quot;0&quot;,&quot;title&quot;:&quot;&quot;,&quot;orientation&quot;:&quot;0&quot;}\" data-image-title=\"marche en Tunis\" data-image-description=\"&lt;p&gt;marche en Tunis&lt;\/p&gt;\n\" data-image-caption=\"\" data-medium-file=\"https:\/\/culturedelapaix.org\/blogs\/Rennes\/wp-content\/uploads\/150325-tunis-marche-300x225.jpg\" data-large-file=\"https:\/\/culturedelapaix.org\/blogs\/Rennes\/wp-content\/uploads\/150325-tunis-marche.jpg\" decoding=\"async\" loading=\"lazy\" src=\"http:\/\/culturedelapaix.org\/blogs\/Rennes\/wp-content\/uploads\/150325-tunis-marche.jpg\" alt=\"marche en Tunis\" width=\"660\" height=\"495\" class=\"aligncenter size-full wp-image-6169\" srcset=\"https:\/\/culturedelapaix.org\/blogs\/Rennes\/wp-content\/uploads\/150325-tunis-marche.jpg 660w, https:\/\/culturedelapaix.org\/blogs\/Rennes\/wp-content\/uploads\/150325-tunis-marche-300x225.jpg 300w\" sizes=\"(max-width: 660px) 100vw, 660px\" \/>\n<p<&nbsp;<\/p>\n","protected":false},"excerpt":{"rendered":"<p>Hier \u00e0 partir de 15 heures c\u2019\u00e9tait la marche internationale contre le terrorisme. Elle nous a conduit depuis la place Bab Saadoun au Bardo. Moi qui ai quitt\u00e9 la Bretagne lundi midi sous le soleil, je pensais retrouver le soleil du Maghreb pour une belle manifestation ensoleill\u00e9e \u00e0 Tunis. Le th\u00e8me de la marche c\u2019\u00e9tait: [&hellip;]<\/p>\n","protected":false},"author":1,"featured_media":0,"comment_status":"open","ping_status":"closed","sticky":false,"template":"","format":"standard","meta":{"_jetpack_newsletter_access":""},"categories":[55,15],"tags":[54,227,14,12,216,66],"jetpack_featured_media_url":"","jetpack_sharing_enabled":true,"jetpack_likes_enabled":true,"_links":{"self":[{"href":"https:\/\/culturedelapaix.org\/blogs\/Rennes\/wp-json\/wp\/v2\/posts\/6167"}],"collection":[{"href":"https:\/\/culturedelapaix.org\/blogs\/Rennes\/wp-json\/wp\/v2\/posts"}],"about":[{"href":"https:\/\/culturedelapaix.org\/blogs\/Rennes\/wp-json\/wp\/v2\/types\/post"}],"author":[{"embeddable":true,"href":"https:\/\/culturedelapaix.org\/blogs\/Rennes\/wp-json\/wp\/v2\/users\/1"}],"replies":[{"embeddable":true,"href":"https:\/\/culturedelapaix.org\/blogs\/Rennes\/wp-json\/wp\/v2\/comments?post=6167"}],"version-history":[{"count":2,"href":"https:\/\/culturedelapaix.org\/blogs\/Rennes\/wp-json\/wp\/v2\/posts\/6167\/revisions"}],"predecessor-version":[{"id":6171,"href":"https:\/\/culturedelapaix.org\/blogs\/Rennes\/wp-json\/wp\/v2\/posts\/6167\/revisions\/6171"}],"wp:attachment":[{"href":"https:\/\/culturedelapaix.org\/blogs\/Rennes\/wp-json\/wp\/v2\/media?parent=6167"}],"wp:term":[{"taxonomy":"category","embeddable":true,"href":"https:\/\/culturedelapaix.org\/blogs\/Rennes\/wp-json\/wp\/v2\/categories?post=6167"},{"taxonomy":"post_tag","embeddable":true,"href":"https:\/\/culturedelapaix.org\/blogs\/Rennes\/wp-json\/wp\/v2\/tags?post=6167"}],"curies":[{"name":"wp","href":"https:\/\/api.w.org\/{rel}","templated":true}]}}