{"id":5786,"date":"2014-09-19T11:26:06","date_gmt":"2014-09-19T09:26:06","guid":{"rendered":"http:\/\/culturedelapaix.org\/blogs\/Rennes\/?p=5786"},"modified":"2014-09-19T11:40:40","modified_gmt":"2014-09-19T09:40:40","slug":"communique-nationale-pour-une-paix-juste-et-durable-entre-israeliens-et-palestiniens","status":"publish","type":"post","link":"https:\/\/culturedelapaix.org\/blogs\/Rennes\/2014\/09\/19\/communique-nationale-pour-une-paix-juste-et-durable-entre-israeliens-et-palestiniens\/","title":{"rendered":"Communiqu\u00e9 national: Pour une paix juste et durable entre isra\u00e9liens et palestiniens"},"content":{"rendered":"<p>Voici le communiqu\u00e9 de presse issu du comit\u00e9 national du Mouvement de la Paix le 19 septembre 2014 concernant la situation en Moyen Orient:<\/p>\n<blockquote>\n<h3>Pour une paix juste et durable entre Isra\u00e9liens et palestiniens: respect du droit international<\/h3>\n<h3>Reconnaissance de l&rsquo;Etat de Palestine dans les fronti\u00e8res de 1967 avec J\u00e9rusalem-Est pour capitale comme membre de pleins droits des Nations Unies<\/h3>\n<p><img data-attachment-id=\"5557\" data-permalink=\"https:\/\/culturedelapaix.org\/blogs\/Rennes\/2014\/08\/01\/communique-du-mouvement-de-la-paix-pour-la-manifestation-du-2-aout-a-rennes\/colombe\/\" data-orig-file=\"https:\/\/culturedelapaix.org\/blogs\/Rennes\/wp-content\/uploads\/colombe.jpg\" data-orig-size=\"200,200\" data-comments-opened=\"1\" data-image-meta=\"{&quot;aperture&quot;:&quot;0&quot;,&quot;credit&quot;:&quot;&quot;,&quot;camera&quot;:&quot;&quot;,&quot;caption&quot;:&quot;&quot;,&quot;created_timestamp&quot;:&quot;0&quot;,&quot;copyright&quot;:&quot;&quot;,&quot;focal_length&quot;:&quot;0&quot;,&quot;iso&quot;:&quot;0&quot;,&quot;shutter_speed&quot;:&quot;0&quot;,&quot;title&quot;:&quot;&quot;}\" data-image-title=\"Shalom Salam Paix\" data-image-description=\"&lt;p&gt;Shalom Salam Paix&lt;\/p&gt;\n\" data-image-caption=\"\" data-medium-file=\"https:\/\/culturedelapaix.org\/blogs\/Rennes\/wp-content\/uploads\/colombe.jpg\" data-large-file=\"https:\/\/culturedelapaix.org\/blogs\/Rennes\/wp-content\/uploads\/colombe.jpg\" decoding=\"async\" loading=\"lazy\" src=\"http:\/\/culturedelapaix.org\/blogs\/Rennes\/wp-content\/uploads\/colombe.jpg\" alt=\"Shalom Salam Paix\" width=\"200\" height=\"200\" class=\"alignright size-full wp-image-5557\" srcset=\"https:\/\/culturedelapaix.org\/blogs\/Rennes\/wp-content\/uploads\/colombe.jpg 200w, https:\/\/culturedelapaix.org\/blogs\/Rennes\/wp-content\/uploads\/colombe-150x150.jpg 150w\" sizes=\"(max-width: 200px) 100vw, 200px\" \/>Le Mouvement de la Paix prend acte de l\u2019accord de \u00ab\u00a0cessez-\u200b\u200ble-\u200b\u200bfeu illimit\u00e9\u00a0\u00bb entre Isra\u00ebl et les dirigeants palestiniens apr\u00e8s 50 jours extr\u00eamement meurtriers. Le bilan de l\u2019agression isra\u00e9lienne est tr\u00e8s lourd: plus de 2.100 Gazaouis, dont 40% sont des femmes et des enfants, ainsi que 64 soldats et 4 civils isra\u00e9liens ont p\u00e9ri dans ce conflit. M\u00eame proportion sur les 11.000 bless\u00e9s d\u00e9clar\u00e9s \u00e0 ce jour. En Cisjordanie, la r\u00e9pression continue avec acharnement, notamment \u00e0 J\u00e9rusalem-Est. Les arrestations se multiplient pr\u00e8s de <u><a href=\"http:\/\/www.france24.com\/fr\/20140827-le-debat-israel-gaza-accord-cessez-le-feu\/\" title=\"France 24: Cessez-le-feu \u00e0 Gaza, un espoir pour la paix?\" target=\"_blank\">1.500 arrestations en Cisjordanie dont 37 d\u00e9put\u00e9s<\/a><\/u>. Les expulsions, les d\u00e9molitions de maisons, les saisies de terres et le harc\u00e8lement des Palestiniens par les colons continuent.<\/p>\n<p>Les n\u00e9gociations devraient maintenant reprendre notamment sur la lev\u00e9e d\u00e9finitive du blocus et la construction d\u2019un port \u00e0 Gaza. Les premiers r\u00e9sultats de ce cessez-le-feu fragile ne r\u00e8glent pourtant pas la situation sur le fond. Suite \u00e0 l\u2019annexion de 400 hectares de terre en Cisjordanie, la volont\u00e9 de faire la paix du gouvernement isra\u00e9lien est peu cr\u00e9dible. C\u2019est donc sur l\u2019ensemble du dossier isra\u00e9lo-palestinien que les n\u00e9gociations doivent reprendre. Il faut que la communaut\u00e9 internationale, notamment la France et l\u2019Union Europ\u00e9enne prennent leurs responsabilit\u00e9s en contraignant le gouvernement isra\u00e9lien \u00e0 une paix conforme au droit international. Le statut quo n\u2019est plus possible. La France doit soutenir les demandes l\u00e9gitimes des palestiniens. La s\u00e9curit\u00e9 de l\u2019Etat d\u2019Isra\u00ebl passe par le respect des droits des palestiniens. La n\u00e9gociation pour la n\u00e9gociation ne suffit plus, d\u00e8s lors qu&rsquo;elle n&rsquo;aboutit jamais.<\/p>\n<p>Le Mouvement de la paix consid\u00e8re qu\u2019une paix juste et durable entre isra\u00e9liens et palestiniens ne sera possible que quand les conditions suivantes seront rassembl\u00e9es:<\/p>\n<ul>\n<li>la lev\u00e9e imm\u00e9diate et totale du blocus ill\u00e9gal de Gaza et le retrait de l\u2019arm\u00e9e isra\u00e9lienne de tous les territoires occup\u00e9s depuis 1967, y compris J\u00e9rusalem-Est conform\u00e9ment aux r\u00e9solutions 242, 338, 1397 et 1402 du Conseil de s\u00e9curit\u00e9 des Nations Unies;<\/li>\n<li>la lib\u00e9ration de tous les prisonniers politiques d\u00e9tenus par Isra\u00ebl;<\/li>\n<li>le d\u00e9mant\u00e8lement de toutes les colonies de peuplement implant\u00e9es depuis 1967 et l\u2019arr\u00eat d\u00e9finitif de toute forme de colonisation;<\/li>\n<li>la reconnaissance de l\u2019Etat de Palestine, \u00e0 c\u00f4t\u00e9 de l\u2019Etat d\u2019Isra\u00ebl, dans les fronti\u00e8res de 1967 avec J\u00e9rusalem Est comme capitale, comme \u00e9tat de plein droit membre des Nations Unies.<\/li>\n<\/ul>\n<p>Le Mouvement de la Paix demande ainsi:<\/p>\n<ul>\n<li>que la France rompe toute coop\u00e9ration militaire avec l\u2019Etat d\u2019Isra\u00ebl;<\/li>\n<li>qu\u2019elle agisse aupr\u00e8s de l\u2019Union Europ\u00e9enne pour que des sanctions soient prises contre l&rsquo;Etat d&rsquo;Isra\u00ebl en particulier en d\u00e9cidant l&rsquo;arr\u00eat de la coop\u00e9ration \u00e9conomique, scientifique et culturelle en application de l&rsquo;article 2 de l&rsquo;Accord d&rsquo;Association entre l&rsquo;Union Europ\u00e9enne et Isra\u00ebl;<\/li>\n<li>que les crimes de guerre commis dans la bande de Gaza par l&rsquo;arm\u00e9e isra\u00e9lienne soient jug\u00e9s par la juridiction comp\u00e9tente;<\/li>\n<li>que la France reconnaisse sans d\u00e9lai l\u2019Etat de Palestine comme Etat de plein droit et qu\u2019elle agisse pour qu\u2019il soit reconnu par l\u2019Union Europ\u00e9enne et si\u00e8ge \u00e0 l\u2019ONU comme \u00e9tat membre \u00e0 part enti\u00e8re dans les fronti\u00e8res de 1967 avec comme capitale J\u00e9rusalem est.<\/li>\n<\/ul>\n<p>Le Mouvement de la Paix s&rsquo;oppose \u00e0 toute criminalisation du mouvement de solidarit\u00e9 et demande ainsi l\u2019arr\u00eat de toutes les poursuites contre les militant-e-s du mouvement de solidarit\u00e9 avec le peuple palestinien notamment ceux et celles qui agissent pacifiquement dans le cadre de la campagne Boycott-D\u00e9sinvestissement-Sanctions. Il demande donc l\u2019abrogation imm\u00e9diate de la circulaire Alliot-Marie\/Mercier.<\/p>\n<p>Contact:<\/p>\n<ul>\n<li>Christine Rosemberg: <u><a href=\"mailto:&#114;&#111;&#115;&#101;&#109;&#098;&#101;&#114;&#103;&#099;&#104;&#114;&#105;&#115;&#116;&#105;&#110;&#101;&#064;&#121;&#097;&#104;&#111;&#111;&#046;&#102;&#114;\" target=\"_blank\">rosembergchristine@yahoo.fr<\/a><\/u><\/li>\n<li>Nicole Bouexel: <u><a href=\"mailto:&#110;&#105;&#099;&#111;&#108;&#101;&#098;&#111;&#117;&#101;&#120;&#101;&#108;&#064;&#119;&#097;&#110;&#097;&#100;&#111;&#111;&#046;&#102;&#114;\" target=\"_blank\">nicolebouexel@wanadoo.fr<\/a><\/u><\/li>\n<li>Mouvement de la Paix: <a href=\"http:\/\/www.mvtpaix.org\/\" title=\"Mouvement de la Paix\" target=\"_blank\">http:\/\/www.mvtpaix.org\/<\/a><\/li>\n<\/ul>\n<\/blockquote>\n<p>&nbsp;<\/p>\n","protected":false},"excerpt":{"rendered":"<p>Voici le communiqu\u00e9 de presse issu du comit\u00e9 national du Mouvement de la Paix le 19 septembre 2014 concernant la situation en Moyen Orient: Pour une paix juste et durable entre Isra\u00e9liens et palestiniens: respect du droit international Reconnaissance de l&rsquo;Etat de Palestine dans les fronti\u00e8res de 1967 avec J\u00e9rusalem-Est pour capitale comme membre de [&hellip;]<\/p>\n","protected":false},"author":1,"featured_media":0,"comment_status":"open","ping_status":"open","sticky":false,"template":"","format":"standard","meta":{"_jetpack_newsletter_access":""},"categories":[4],"tags":[6,29,118,10,11,95,12],"jetpack_featured_media_url":"","jetpack_sharing_enabled":true,"jetpack_likes_enabled":true,"_links":{"self":[{"href":"https:\/\/culturedelapaix.org\/blogs\/Rennes\/wp-json\/wp\/v2\/posts\/5786"}],"collection":[{"href":"https:\/\/culturedelapaix.org\/blogs\/Rennes\/wp-json\/wp\/v2\/posts"}],"about":[{"href":"https:\/\/culturedelapaix.org\/blogs\/Rennes\/wp-json\/wp\/v2\/types\/post"}],"author":[{"embeddable":true,"href":"https:\/\/culturedelapaix.org\/blogs\/Rennes\/wp-json\/wp\/v2\/users\/1"}],"replies":[{"embeddable":true,"href":"https:\/\/culturedelapaix.org\/blogs\/Rennes\/wp-json\/wp\/v2\/comments?post=5786"}],"version-history":[{"count":6,"href":"https:\/\/culturedelapaix.org\/blogs\/Rennes\/wp-json\/wp\/v2\/posts\/5786\/revisions"}],"predecessor-version":[{"id":5792,"href":"https:\/\/culturedelapaix.org\/blogs\/Rennes\/wp-json\/wp\/v2\/posts\/5786\/revisions\/5792"}],"wp:attachment":[{"href":"https:\/\/culturedelapaix.org\/blogs\/Rennes\/wp-json\/wp\/v2\/media?parent=5786"}],"wp:term":[{"taxonomy":"category","embeddable":true,"href":"https:\/\/culturedelapaix.org\/blogs\/Rennes\/wp-json\/wp\/v2\/categories?post=5786"},{"taxonomy":"post_tag","embeddable":true,"href":"https:\/\/culturedelapaix.org\/blogs\/Rennes\/wp-json\/wp\/v2\/tags?post=5786"}],"curies":[{"name":"wp","href":"https:\/\/api.w.org\/{rel}","templated":true}]}}