{"id":5500,"date":"2014-07-28T11:01:10","date_gmt":"2014-07-28T09:01:10","guid":{"rendered":"http:\/\/culturedelapaix.org\/blogs\/Rennes\/?p=5500"},"modified":"2014-07-28T11:01:10","modified_gmt":"2014-07-28T09:01:10","slug":"petition-la-france-ne-doit-pas-livrer-darmes-a-israel","status":"publish","type":"post","link":"https:\/\/culturedelapaix.org\/blogs\/Rennes\/2014\/07\/28\/petition-la-france-ne-doit-pas-livrer-darmes-a-israel\/","title":{"rendered":"P\u00e9tition: la France ne doit pas livrer d&rsquo;armes \u00e0 Isra\u00ebl"},"content":{"rendered":"<p>Avec Amnesty International, agissez pour que la France ne livre pas d&rsquo;armes \u00e0 Isra\u00ebl.<\/p>\n<blockquote>\n<h3>Agissez pour que la France ne livre pas d\u2019armes \u00e0 Isra\u00ebl<\/h3>\n<p>Le bombardement implacable de zones civiles dans la bande de Gaza, ainsi que les tirs de roquettes aveugles sur Isra\u00ebl, exigent une action internationale urgente pour prot\u00e9ger les civils et pr\u00e9venir de nouvelles violations du droit international humanitaire et du droit international relatif aux droits humains.<\/p>\n<p>Si les Etats-Unis sont de loin le premier pays fournisseur d\u2019armes \u00e0 Isra\u00ebl, la France, 5\u00e8me exportateur mondial, a d\u00e9livr\u00e9 des autorisations d&rsquo;exportation \u00e0 Isra\u00ebl pour un montant de plus de 200 millions d\u2019euros, selon le 15\u00e8me rapport de l&rsquo;Union europ\u00e9enne sur les autorisations d&rsquo;exportation d&rsquo;armes publi\u00e9 en janvier 2014 et concernant l&rsquo;ann\u00e9e 2012.<\/p>\n<p>Le gouvernement fran\u00e7ais doit suspendre imm\u00e9diatement tout transfert d\u2019armes vers Isra\u00ebl. Il doit \u00e9galement agir afin qu\u2019un embargo total sur les armes \u00e0 destination d\u2019Isra\u00ebl, du Hamas et des groupes arm\u00e9s palestiniens soit adopt\u00e9 par les Nations Unies.<\/p>\n<p><strong>Pour en savoir plus: <u><a href=\"http:\/\/www.amnesty.fr\/AI-en-action\/Violences\/Armes-et-conflits-armes\/Actualites\/IsraelGaza-le-materiel-de-guerre-francais-ne-doit-pas-alimenter-les-crimes-de-guerre-12208\" title=\"Isra\u00ebl\/Gaza: la France ne doit pas livrer de mat\u00e9riel de guerre\" target=\"_blank\">Isra\u00ebl\/Gaza, La France ne doit pas livrer de mat\u00e9riel de guerre<\/a><\/u><\/strong><\/p>\n<p>Interpellez avec nous le Pr\u00e9sident de la R\u00e9publique, Fran\u00e7ois Hollande<\/p>\n<\/blockquote>\n<h5><a href=\"http:\/\/www.amnesty.fr\/AI-en-action\/Violences\/Armes-et-conflits-armes\/Actions\/Agissez-pour-que-la-France-ne-livre-pas-armes-Israel-12209\" title=\"P\u00e9tition: Agissez pour que la France ne livre pas d\u2019armes \u00e0 Isra\u00ebl\" target=\"_blank\">Cliquez ici pour signer la p\u00e9tition.<\/a><\/h5>\n<p>&nbsp;<\/p>\n","protected":false},"excerpt":{"rendered":"<p>Avec Amnesty International, agissez pour que la France ne livre pas d&rsquo;armes \u00e0 Isra\u00ebl. Agissez pour que la France ne livre pas d\u2019armes \u00e0 Isra\u00ebl Le bombardement implacable de zones civiles dans la bande de Gaza, ainsi que les tirs de roquettes aveugles sur Isra\u00ebl, exigent une action internationale urgente pour prot\u00e9ger les civils et [&hellip;]<\/p>\n","protected":false},"author":1,"featured_media":0,"comment_status":"open","ping_status":"open","sticky":false,"template":"","format":"standard","meta":{"_jetpack_newsletter_access":""},"categories":[40,13],"tags":[6,7,29,118,10,11,95,42,17],"jetpack_featured_media_url":"","jetpack_sharing_enabled":true,"jetpack_likes_enabled":true,"_links":{"self":[{"href":"https:\/\/culturedelapaix.org\/blogs\/Rennes\/wp-json\/wp\/v2\/posts\/5500"}],"collection":[{"href":"https:\/\/culturedelapaix.org\/blogs\/Rennes\/wp-json\/wp\/v2\/posts"}],"about":[{"href":"https:\/\/culturedelapaix.org\/blogs\/Rennes\/wp-json\/wp\/v2\/types\/post"}],"author":[{"embeddable":true,"href":"https:\/\/culturedelapaix.org\/blogs\/Rennes\/wp-json\/wp\/v2\/users\/1"}],"replies":[{"embeddable":true,"href":"https:\/\/culturedelapaix.org\/blogs\/Rennes\/wp-json\/wp\/v2\/comments?post=5500"}],"version-history":[{"count":7,"href":"https:\/\/culturedelapaix.org\/blogs\/Rennes\/wp-json\/wp\/v2\/posts\/5500\/revisions"}],"predecessor-version":[{"id":5507,"href":"https:\/\/culturedelapaix.org\/blogs\/Rennes\/wp-json\/wp\/v2\/posts\/5500\/revisions\/5507"}],"wp:attachment":[{"href":"https:\/\/culturedelapaix.org\/blogs\/Rennes\/wp-json\/wp\/v2\/media?parent=5500"}],"wp:term":[{"taxonomy":"category","embeddable":true,"href":"https:\/\/culturedelapaix.org\/blogs\/Rennes\/wp-json\/wp\/v2\/categories?post=5500"},{"taxonomy":"post_tag","embeddable":true,"href":"https:\/\/culturedelapaix.org\/blogs\/Rennes\/wp-json\/wp\/v2\/tags?post=5500"}],"curies":[{"name":"wp","href":"https:\/\/api.w.org\/{rel}","templated":true}]}}