{"id":5425,"date":"2014-07-25T19:02:37","date_gmt":"2014-07-25T17:02:37","guid":{"rendered":"http:\/\/culturedelapaix.org\/blogs\/Rennes\/?p=5425"},"modified":"2014-07-25T19:02:37","modified_gmt":"2014-07-25T17:02:37","slug":"le-mouvement-de-la-paix-appelle-au-rassemblement-du-samedi-26-juillet-a-rennes-a-15h","status":"publish","type":"post","link":"https:\/\/culturedelapaix.org\/blogs\/Rennes\/2014\/07\/25\/le-mouvement-de-la-paix-appelle-au-rassemblement-du-samedi-26-juillet-a-rennes-a-15h\/","title":{"rendered":"Le Mouvement de la paix appelle au rassemblement du samedi 26 juillet \u00e0 Rennes \u00e0 15h"},"content":{"rendered":"<h4><img data-attachment-id=\"5391\" data-permalink=\"https:\/\/culturedelapaix.org\/blogs\/Rennes\/2014\/07\/25\/rassemblement-le-samedi-26-juillet-a-rennes-a-15h00\/140725-bullets\/\" data-orig-file=\"https:\/\/culturedelapaix.org\/blogs\/Rennes\/wp-content\/uploads\/140725-bullets.jpg\" data-orig-size=\"200,151\" data-comments-opened=\"1\" data-image-meta=\"{&quot;aperture&quot;:&quot;0&quot;,&quot;credit&quot;:&quot;&quot;,&quot;camera&quot;:&quot;&quot;,&quot;caption&quot;:&quot;&quot;,&quot;created_timestamp&quot;:&quot;0&quot;,&quot;copyright&quot;:&quot;&quot;,&quot;focal_length&quot;:&quot;0&quot;,&quot;iso&quot;:&quot;0&quot;,&quot;shutter_speed&quot;:&quot;0&quot;,&quot;title&quot;:&quot;&quot;}\" data-image-title=\"Arret les bombardements de Gaza\" data-image-description=\"&lt;p&gt;Arret les bombardements de Gaza&lt;\/p&gt;\n\" data-image-caption=\"\" data-medium-file=\"https:\/\/culturedelapaix.org\/blogs\/Rennes\/wp-content\/uploads\/140725-bullets.jpg\" data-large-file=\"https:\/\/culturedelapaix.org\/blogs\/Rennes\/wp-content\/uploads\/140725-bullets.jpg\" decoding=\"async\" loading=\"lazy\" src=\"http:\/\/culturedelapaix.org\/blogs\/Rennes\/wp-content\/uploads\/140725-bullets.jpg\" alt=\"Arret les bombardements de Gaza\" width=\"200\" height=\"151\" class=\"alignright size-full wp-image-5391\" \/>Stop la Guerre \u00e0 Gaza: Rassemblement demain \u00e0 Rennes \u00e0 15h00, m\u00e9tro Kennedy<\/h4>\n<p>Le collectif pour une paix juste et durable entre isra\u00e9liens et palestiniens appelle \u00e0 un rassemblement suivi d&rsquo;une manifestation demain \u00e0 15h \u00e0 partir de la Dalle Kennedy \u00e0 Villejean. Cette manifestation a \u00e9t\u00e9 autoris\u00e9e.<\/p>\n<p>Voici le tract (<a href=\"http:\/\/culturedelapaix.org\/blogs\/Rennes\/wp-content\/uploads\/20140723-TractProcheOrientRennes.pdf\" title=\"Flyer pour le rassemblement de ce soir \u00e0 Rennes\">cliquez pour le voir<\/a>) que le Mouvement de la paix adresse \u00e0 ses amis et militants pour les inciter \u00e0 participer \u00e0 ce rassemblement. Nous insistons particuli\u00e8rement sur le fait qu&rsquo;une paix durable dans cette r\u00e9gion passe par le respect du droit international.<\/p>\n<p>Nous refusons la lecture religieuse ou ethnique de ce conflit, qui est un conflit politique pour les droits des palestiniens \u00e0 disposer d\u2019un \u00c9tat aux c\u00f4t\u00e9s de l\u2019\u00c9tat d\u2019Isra\u00ebl, selon les fronti\u00e8res dites de 1967.<\/p>\n<p>C&rsquo;est la non application du droit international et en particulier de ce droit des palestiniens \u00e0 pouvoir vivre dans un \u00e9tat, libre et ind\u00e9pendant qui est l&rsquo;obstacle \u00e0 la construction d&rsquo;une paix durable dans cette r\u00e9gion, paix \u00e0 laquelle aspirent tous les peuples de cette r\u00e9gion et en premier lieu les palestiniens et les isra\u00e9liens.<\/p>\n<p><img data-attachment-id=\"5374\" data-permalink=\"https:\/\/culturedelapaix.org\/blogs\/Rennes\/2014\/07\/25\/manif-de-rennes-le-23-juillet\/140725-manif\/\" data-orig-file=\"https:\/\/culturedelapaix.org\/blogs\/Rennes\/wp-content\/uploads\/140725-manif.jpg\" data-orig-size=\"650,298\" data-comments-opened=\"1\" data-image-meta=\"{&quot;aperture&quot;:&quot;0&quot;,&quot;credit&quot;:&quot;&quot;,&quot;camera&quot;:&quot;&quot;,&quot;caption&quot;:&quot;&quot;,&quot;created_timestamp&quot;:&quot;0&quot;,&quot;copyright&quot;:&quot;&quot;,&quot;focal_length&quot;:&quot;0&quot;,&quot;iso&quot;:&quot;0&quot;,&quot;shutter_speed&quot;:&quot;0&quot;,&quot;title&quot;:&quot;&quot;}\" data-image-title=\"Manifestation \u00e0 Rennes le 23 juillet 2014\" data-image-description=\"&lt;p&gt;Manifestation \u00e0 Rennes le 23 juillet 2014&lt;\/p&gt;\n\" data-image-caption=\"\" data-medium-file=\"https:\/\/culturedelapaix.org\/blogs\/Rennes\/wp-content\/uploads\/140725-manif-300x137.jpg\" data-large-file=\"https:\/\/culturedelapaix.org\/blogs\/Rennes\/wp-content\/uploads\/140725-manif.jpg\" decoding=\"async\" loading=\"lazy\" src=\"http:\/\/culturedelapaix.org\/blogs\/Rennes\/wp-content\/uploads\/140725-manif.jpg\" alt=\"Manifestation \u00e0 Rennes le 23 juillet 2014\" width=\"650\" height=\"298\" class=\"alignleft size-full wp-image-5374\" srcset=\"https:\/\/culturedelapaix.org\/blogs\/Rennes\/wp-content\/uploads\/140725-manif.jpg 650w, https:\/\/culturedelapaix.org\/blogs\/Rennes\/wp-content\/uploads\/140725-manif-300x137.jpg 300w\" sizes=\"(max-width: 650px) 100vw, 650px\" \/><\/p>\n<p>&nbsp;<\/p>\n<p>&nbsp;<\/p>\n<p>&nbsp;<\/p>\n","protected":false},"excerpt":{"rendered":"<p>Stop la Guerre \u00e0 Gaza: Rassemblement demain \u00e0 Rennes \u00e0 15h00, m\u00e9tro Kennedy Le collectif pour une paix juste et durable entre isra\u00e9liens et palestiniens appelle \u00e0 un rassemblement suivi d&rsquo;une manifestation demain \u00e0 15h \u00e0 partir de la Dalle Kennedy \u00e0 Villejean. Cette manifestation a \u00e9t\u00e9 autoris\u00e9e. Voici le tract (cliquez pour le voir) [&hellip;]<\/p>\n","protected":false},"author":1,"featured_media":0,"comment_status":"open","ping_status":"open","sticky":false,"template":"","format":"standard","meta":{"_jetpack_newsletter_access":""},"categories":[15],"tags":[101,118,14,11,95,18,12],"jetpack_featured_media_url":"","jetpack_sharing_enabled":true,"jetpack_likes_enabled":true,"_links":{"self":[{"href":"https:\/\/culturedelapaix.org\/blogs\/Rennes\/wp-json\/wp\/v2\/posts\/5425"}],"collection":[{"href":"https:\/\/culturedelapaix.org\/blogs\/Rennes\/wp-json\/wp\/v2\/posts"}],"about":[{"href":"https:\/\/culturedelapaix.org\/blogs\/Rennes\/wp-json\/wp\/v2\/types\/post"}],"author":[{"embeddable":true,"href":"https:\/\/culturedelapaix.org\/blogs\/Rennes\/wp-json\/wp\/v2\/users\/1"}],"replies":[{"embeddable":true,"href":"https:\/\/culturedelapaix.org\/blogs\/Rennes\/wp-json\/wp\/v2\/comments?post=5425"}],"version-history":[{"count":4,"href":"https:\/\/culturedelapaix.org\/blogs\/Rennes\/wp-json\/wp\/v2\/posts\/5425\/revisions"}],"predecessor-version":[{"id":5429,"href":"https:\/\/culturedelapaix.org\/blogs\/Rennes\/wp-json\/wp\/v2\/posts\/5425\/revisions\/5429"}],"wp:attachment":[{"href":"https:\/\/culturedelapaix.org\/blogs\/Rennes\/wp-json\/wp\/v2\/media?parent=5425"}],"wp:term":[{"taxonomy":"category","embeddable":true,"href":"https:\/\/culturedelapaix.org\/blogs\/Rennes\/wp-json\/wp\/v2\/categories?post=5425"},{"taxonomy":"post_tag","embeddable":true,"href":"https:\/\/culturedelapaix.org\/blogs\/Rennes\/wp-json\/wp\/v2\/tags?post=5425"}],"curies":[{"name":"wp","href":"https:\/\/api.w.org\/{rel}","templated":true}]}}