{"id":5379,"date":"2014-07-25T12:38:04","date_gmt":"2014-07-25T10:38:04","guid":{"rendered":"http:\/\/culturedelapaix.org\/blogs\/Rennes\/?p=5379"},"modified":"2014-07-25T12:38:04","modified_gmt":"2014-07-25T10:38:04","slug":"on-en-parle","status":"publish","type":"post","link":"https:\/\/culturedelapaix.org\/blogs\/Rennes\/2014\/07\/25\/on-en-parle\/","title":{"rendered":"On en parle"},"content":{"rendered":"<p><img decoding=\"async\" loading=\"lazy\" src=\"http:\/\/culturedelapaix.org\/blogs\/festivalpaix\/wp-content\/uploads\/ouestfrancelogo-169x52.png\" alt=\"Ouest France\" width=\"169\" height=\"52\" class=\"alignleft size-full wp-image-85\" \/>Notre banderole \u00e9tait au JT de France 3 hier soir et voici un article publi\u00e9 dans Ouest France le 24 juillet 2014:<\/p>\n<p>&nbsp;<\/p>\n<blockquote>\n<h2>RENNES. D\u00e9fil\u00e9 contre la guerre en Palestine<\/h2>\n<p><strong>Partie du Blosne, hier \u00e0 18 h 30, la manifestation de soutien \u00e0 Gaza a r\u00e9uni 450 personnes. Ils ont march\u00e9 jusqu&rsquo;\u00e0 la mairie.<\/strong><\/p>\n<p><div id=\"attachment_5380\" style=\"width: 260px\" class=\"wp-caption alignleft\"><img aria-describedby=\"caption-attachment-5380\" data-attachment-id=\"5380\" data-permalink=\"https:\/\/culturedelapaix.org\/blogs\/Rennes\/2014\/07\/25\/on-en-parle\/140724-ouestfrance\/\" data-orig-file=\"https:\/\/culturedelapaix.org\/blogs\/Rennes\/wp-content\/uploads\/140724-ouestfrance.jpg\" data-orig-size=\"250,167\" data-comments-opened=\"1\" data-image-meta=\"{&quot;aperture&quot;:&quot;0&quot;,&quot;credit&quot;:&quot;&quot;,&quot;camera&quot;:&quot;&quot;,&quot;caption&quot;:&quot;&quot;,&quot;created_timestamp&quot;:&quot;0&quot;,&quot;copyright&quot;:&quot;&quot;,&quot;focal_length&quot;:&quot;0&quot;,&quot;iso&quot;:&quot;0&quot;,&quot;shutter_speed&quot;:&quot;0&quot;,&quot;title&quot;:&quot;&quot;}\" data-image-title=\"Ouest France 24 juillet 2014\" data-image-description=\"&lt;p&gt;Ouest France 24 juillet 2014&lt;\/p&gt;\n\" data-image-caption=\"&lt;p&gt;Les manifestants ont march\u00e9 du Blosne \u00e0 la mairie de Rennes. &lt;\/p&gt;\n\" data-medium-file=\"https:\/\/culturedelapaix.org\/blogs\/Rennes\/wp-content\/uploads\/140724-ouestfrance.jpg\" data-large-file=\"https:\/\/culturedelapaix.org\/blogs\/Rennes\/wp-content\/uploads\/140724-ouestfrance.jpg\" decoding=\"async\" loading=\"lazy\" src=\"http:\/\/culturedelapaix.org\/blogs\/Rennes\/wp-content\/uploads\/140724-ouestfrance.jpg\" alt=\"Ouest France 24 juillet 2014\" width=\"250\" height=\"167\" class=\"size-full wp-image-5380\" \/><p id=\"caption-attachment-5380\" class=\"wp-caption-text\">Les manifestants ont march\u00e9 du Blosne \u00e0 la mairie de Rennes.<\/p><\/div><strong>\u00ab\u00a0Gaza! Gaza! On est l\u00e0!\u00a0\u00bb<\/strong> Hier 18 h 30, devant la station de m\u00e9tro du Blosne. Ils \u00e9taient environ 450 personnes \u00e0 avoir r\u00e9pondu \u00e0 l&rsquo;appel du collectif rennais pour \u00ab\u00a0une paix juste et durable entre Isra\u00e9liens et Palestiniens\u00a0\u00bb. Un appel auquel se sont aussi associ\u00e9s la Ligue des droits de l&rsquo;homme, le Mouvement pour la paix, la CGT, les Verts, le Front de gauche et d&rsquo;autres partis ou associations.<\/p>\n<p>Apr\u00e8s plusieurs discours condamnant <strong>\u00ab\u00a0le bombardement intensif de Gaza qui a caus\u00e9 la mort de plus de 600 Palestiniens, dont de tr\u00e8s nombreux enfants\u00a0\u00bb<\/strong> ou la position du pr\u00e9sident Fran\u00e7ois Hollande, <strong>\u00ab\u00a0qui est m\u00eame all\u00e9 jusqu&rsquo;\u00e0 cautionner l&rsquo;agression d&rsquo;Isra\u00ebl\u00a0\u00bb<\/strong>, les manifestants ont commenc\u00e9 \u00e0 d\u00e9filer en direction du centre-ville sous un soleil de plomb.<\/p>\n<p>Parmi les manifestants, des personnes appartenant \u00e0 des partis politiques ou associations mais aussi de nombreux particuliers touch\u00e9s par les \u00e9v\u00e9nements qui frappent la Palestine. <strong>\u00ab\u00a0J&rsquo;ai \u00e9t\u00e9 horrifi\u00e9 de voir les images de ces familles d\u00e9cim\u00e9es et de ces enfants tu\u00e9s,<\/strong> explique cette jeune femme qui tient un drapeau palestinien dans la main. <strong>Je ne comprends pas comment un \u00e9tat comme Isra\u00ebl, qui se revendique comme une d\u00e9mocratie, peut se livrer \u00e0 de telles atrocit\u00e9s. Ce n&rsquo;est plus de la d\u00e9fense, c&rsquo;est un massacre pur et simple.\u00a0\u00bb<\/strong> Elle a donc d\u00e9cid\u00e9 d&rsquo;exprimer sa col\u00e8re en manifestant.<\/p>\n<\/blockquote>\n<p>&nbsp;<\/p>\n","protected":false},"excerpt":{"rendered":"<p>Notre banderole \u00e9tait au JT de France 3 hier soir et voici un article publi\u00e9 dans Ouest France le 24 juillet 2014: &nbsp; RENNES. D\u00e9fil\u00e9 contre la guerre en Palestine Partie du Blosne, hier \u00e0 18 h 30, la manifestation de soutien \u00e0 Gaza a r\u00e9uni 450 personnes. Ils ont march\u00e9 jusqu&rsquo;\u00e0 la mairie. \u00ab\u00a0Gaza! [&hellip;]<\/p>\n","protected":false},"author":1,"featured_media":0,"comment_status":"open","ping_status":"open","sticky":false,"template":"","format":"standard","meta":{"_jetpack_newsletter_access":""},"categories":[15,56],"tags":[118,14,11,95,57,18,12],"jetpack_featured_media_url":"","jetpack_sharing_enabled":true,"jetpack_likes_enabled":true,"_links":{"self":[{"href":"https:\/\/culturedelapaix.org\/blogs\/Rennes\/wp-json\/wp\/v2\/posts\/5379"}],"collection":[{"href":"https:\/\/culturedelapaix.org\/blogs\/Rennes\/wp-json\/wp\/v2\/posts"}],"about":[{"href":"https:\/\/culturedelapaix.org\/blogs\/Rennes\/wp-json\/wp\/v2\/types\/post"}],"author":[{"embeddable":true,"href":"https:\/\/culturedelapaix.org\/blogs\/Rennes\/wp-json\/wp\/v2\/users\/1"}],"replies":[{"embeddable":true,"href":"https:\/\/culturedelapaix.org\/blogs\/Rennes\/wp-json\/wp\/v2\/comments?post=5379"}],"version-history":[{"count":6,"href":"https:\/\/culturedelapaix.org\/blogs\/Rennes\/wp-json\/wp\/v2\/posts\/5379\/revisions"}],"predecessor-version":[{"id":5386,"href":"https:\/\/culturedelapaix.org\/blogs\/Rennes\/wp-json\/wp\/v2\/posts\/5379\/revisions\/5386"}],"wp:attachment":[{"href":"https:\/\/culturedelapaix.org\/blogs\/Rennes\/wp-json\/wp\/v2\/media?parent=5379"}],"wp:term":[{"taxonomy":"category","embeddable":true,"href":"https:\/\/culturedelapaix.org\/blogs\/Rennes\/wp-json\/wp\/v2\/categories?post=5379"},{"taxonomy":"post_tag","embeddable":true,"href":"https:\/\/culturedelapaix.org\/blogs\/Rennes\/wp-json\/wp\/v2\/tags?post=5379"}],"curies":[{"name":"wp","href":"https:\/\/api.w.org\/{rel}","templated":true}]}}