{"id":11567,"date":"2024-07-15T17:36:44","date_gmt":"2024-07-15T15:36:44","guid":{"rendered":"https:\/\/culturedelapaix.org\/blogs\/Rennes\/?p=11567"},"modified":"2024-07-16T12:58:58","modified_gmt":"2024-07-16T10:58:58","slug":"citoyennes-et-citoyens-en-marche-vers-le-21-septembre-2024-journee-internationale-de-la-paix","status":"publish","type":"post","link":"https:\/\/culturedelapaix.org\/blogs\/Rennes\/2024\/07\/15\/citoyennes-et-citoyens-en-marche-vers-le-21-septembre-2024-journee-internationale-de-la-paix\/","title":{"rendered":"Citoyennes et citoyens ! En marche vers le 21 septembre 2024 ! Journ\u00e9e Internationale de la Paix !"},"content":{"rendered":"\n<p>Du 14 juillet au 21 septembre 2024, il reste 69 jours \u00e0 chacun d\u2019entre nous pour agir afin que dans chacune de nos communes ait lieu au moins une action pour la Paix le 21 septembre 2024. Une action pour dire \u00ab <strong><em>Stop les guerres, Stop les violences, Stop la mis\u00e8re. Pour un avenir meilleur il n\u2019y a d\u2019autre chemin que la Paix&nbsp;\u00bb<\/em><\/strong><\/p>\n\n\n\n<p><strong>En ce 14 juillet 2024<\/strong>, <strong>les actualit\u00e9s<\/strong> apportent des images de violence provenant des 4 coins du monde. <strong>Aux USA<\/strong> tentative d&rsquo;assassinat d&rsquo;un candidat \u00e0 la pr\u00e9sidence des \u00c9tats-Unis, <strong>en Palestine<\/strong> le massacre des populations civiles de Gaza se poursuit&nbsp;<strong>; en Ukraine<\/strong> Poutine poursuit sa logique guerri\u00e8re en d\u00e9truisant \u00e9coles, h\u00f4pitaux, maternit\u00e9s comme si ces crimes de guerre pouvaient apporter une quelconque solution. <strong>En R\u00e9publique D\u00e9mocratique du Congo<\/strong> et ailleurs les m\u00eames logiques guerri\u00e8res et destructrices g\u00e9n\u00e9r\u00e9es par des int\u00e9r\u00eats qui ne sont pas ceux des populations civiles s\u00e8ment la mort et d\u00e9truisent les \u00e9conomies.<\/p>\n\n\n\n<p><strong>En France<\/strong> dans nos villes et villages, des meurtres plus terrifiants les uns que les autres se produisent (meurtres d\u2019enfants, de femmes etc..) et des injustices criantes broient des individus et des familles.<\/p>\n\n\n\n<p>L&rsquo;augmentation vertigineuse des d\u00e9penses militaires se poursuit pour atteindre 2400 milliards de dollars en 2023, incluant la course aux armements nucl\u00e9aires, alors que 850 millions d\u2019\u00eatres humains souffrent de malnutrition.<\/p>\n\n\n\n<p>Nous avons l\u2019impression que nos gouvernants ne tirent aucune le\u00e7on de l\u2019histoire du monde.<\/p>\n\n\n\n<p><strong>En ce 14 juillet 2024<\/strong>, nous les citoyens et citoyennes <strong>nous savons que<\/strong> <strong>pour notre avenir commun,<\/strong> <strong>nous n\u2019avons d\u2019autre chemin que la Paix<\/strong> pour construire un autre monde possible de justice, de fraternit\u00e9, de libert\u00e9, et de solidarit\u00e9. Un monde enfin humain&nbsp;!!!<\/p>\n\n\n\n<p>Chacun d&rsquo;entre nous doit r\u00e9fl\u00e9chir \u00e0 ce qu&rsquo;il va faire <strong>pour que le 21 septembre 2024<\/strong>, <strong>journ\u00e9e internationale de la Paix<\/strong> \u00e0 l&rsquo;appel des Nations unies, <strong>il y ait dans chaque commune de France au moins une action collective pour la Paix <\/strong>(rassemblement devant la Mairie, marche pour la Paix, chansons pour la paix, concerts, dessins pour la Paix, repas collectif pour la Paix..)<\/p>\n\n\n\n<p><strong>Plus de 200 organisations en France avec le collectif national \u00ab&nbsp;En marche pour la Paix&nbsp;\u00bb appellent \u00e0 l\u2019action.<\/strong><\/p>\n\n\n\n<p><strong><em>Le Mouvement de la Paix<br>Le 14 juillet 2024<\/em><\/strong><\/p>\n\n\n\n<ul>\n<li><strong>L\u2019appel du collectif national&nbsp;: <\/strong><a href=\"https:\/\/www.collectifpaix.org\/\"><strong>https:\/\/www.collectifpaix.org\/<\/strong><\/a><\/li>\n\n\n\n<li><strong>Rejoindre le collectif national \u00e0 titre d\u2019une organisation, d\u2019une association, d\u2019un individu\u00a0:<\/strong> <a href=\"https:\/\/www.collectifpaix.org\/nous\/\">https:\/\/www.collectifpaix.org\/nous\/<\/a><\/li>\n<\/ul>\n\n\n\n<figure class=\"wp-block-image size-full\"><img data-attachment-id=\"11571\" data-permalink=\"https:\/\/culturedelapaix.org\/blogs\/Rennes\/2024\/07\/15\/citoyennes-et-citoyens-en-marche-vers-le-21-septembre-2024-journee-internationale-de-la-paix\/affiche-marche-sept-2024\/\" data-orig-file=\"https:\/\/culturedelapaix.org\/blogs\/Rennes\/wp-content\/uploads\/affiche-marche-sept-2024.jpg\" data-orig-size=\"680,961\" data-comments-opened=\"1\" data-image-meta=\"{&quot;aperture&quot;:&quot;0&quot;,&quot;credit&quot;:&quot;&quot;,&quot;camera&quot;:&quot;&quot;,&quot;caption&quot;:&quot;&quot;,&quot;created_timestamp&quot;:&quot;0&quot;,&quot;copyright&quot;:&quot;&quot;,&quot;focal_length&quot;:&quot;0&quot;,&quot;iso&quot;:&quot;0&quot;,&quot;shutter_speed&quot;:&quot;0&quot;,&quot;title&quot;:&quot;&quot;,&quot;orientation&quot;:&quot;0&quot;}\" data-image-title=\"affiche marche pour la paix septembre 2024\" data-image-description=\"&lt;p&gt;affiche marche pour la paix septembre 2024&lt;\/p&gt;\n\" data-image-caption=\"\" data-medium-file=\"https:\/\/culturedelapaix.org\/blogs\/Rennes\/wp-content\/uploads\/affiche-marche-sept-2024-212x300.jpg\" data-large-file=\"https:\/\/culturedelapaix.org\/blogs\/Rennes\/wp-content\/uploads\/affiche-marche-sept-2024.jpg\" decoding=\"async\" loading=\"lazy\" width=\"680\" height=\"961\" src=\"http:\/\/culturedelapaix.org\/blogs\/Rennes\/wp-content\/uploads\/affiche-marche-sept-2024.jpg\" alt=\"affiche marche pour la paix septembre 2024\" class=\"wp-image-11571\" srcset=\"https:\/\/culturedelapaix.org\/blogs\/Rennes\/wp-content\/uploads\/affiche-marche-sept-2024.jpg 680w, https:\/\/culturedelapaix.org\/blogs\/Rennes\/wp-content\/uploads\/affiche-marche-sept-2024-212x300.jpg 212w\" sizes=\"(max-width: 680px) 100vw, 680px\" \/><\/figure>\n","protected":false},"excerpt":{"rendered":"<p>Du 14 juillet au 21 septembre 2024, il reste 69 jours \u00e0 chacun d\u2019entre nous pour agir afin que dans chacune de nos communes ait lieu au moins une action pour la Paix le 21 septembre 2024. Une action pour dire \u00ab Stop les guerres, Stop les violences, Stop la mis\u00e8re. Pour un avenir meilleur [&hellip;]<\/p>\n","protected":false},"author":1,"featured_media":0,"comment_status":"open","ping_status":"closed","sticky":false,"template":"","format":"standard","meta":{"_jetpack_newsletter_access":""},"categories":[4,15,240,241],"tags":[29,14,11,12],"jetpack_featured_media_url":"","jetpack_sharing_enabled":true,"jetpack_likes_enabled":true,"_links":{"self":[{"href":"https:\/\/culturedelapaix.org\/blogs\/Rennes\/wp-json\/wp\/v2\/posts\/11567"}],"collection":[{"href":"https:\/\/culturedelapaix.org\/blogs\/Rennes\/wp-json\/wp\/v2\/posts"}],"about":[{"href":"https:\/\/culturedelapaix.org\/blogs\/Rennes\/wp-json\/wp\/v2\/types\/post"}],"author":[{"embeddable":true,"href":"https:\/\/culturedelapaix.org\/blogs\/Rennes\/wp-json\/wp\/v2\/users\/1"}],"replies":[{"embeddable":true,"href":"https:\/\/culturedelapaix.org\/blogs\/Rennes\/wp-json\/wp\/v2\/comments?post=11567"}],"version-history":[{"count":3,"href":"https:\/\/culturedelapaix.org\/blogs\/Rennes\/wp-json\/wp\/v2\/posts\/11567\/revisions"}],"predecessor-version":[{"id":11573,"href":"https:\/\/culturedelapaix.org\/blogs\/Rennes\/wp-json\/wp\/v2\/posts\/11567\/revisions\/11573"}],"wp:attachment":[{"href":"https:\/\/culturedelapaix.org\/blogs\/Rennes\/wp-json\/wp\/v2\/media?parent=11567"}],"wp:term":[{"taxonomy":"category","embeddable":true,"href":"https:\/\/culturedelapaix.org\/blogs\/Rennes\/wp-json\/wp\/v2\/categories?post=11567"},{"taxonomy":"post_tag","embeddable":true,"href":"https:\/\/culturedelapaix.org\/blogs\/Rennes\/wp-json\/wp\/v2\/tags?post=11567"}],"curies":[{"name":"wp","href":"https:\/\/api.w.org\/{rel}","templated":true}]}}