{"id":11275,"date":"2023-06-06T09:14:16","date_gmt":"2023-06-06T07:14:16","guid":{"rendered":"https:\/\/culturedelapaix.org\/blogs\/Rennes\/?p=11275"},"modified":"2023-06-06T09:14:17","modified_gmt":"2023-06-06T07:14:17","slug":"21-mai-pour-la-paix-et-le-desarmement-nucleaire-rassemblement-porteur-despoir","status":"publish","type":"post","link":"https:\/\/culturedelapaix.org\/blogs\/Rennes\/2023\/06\/06\/21-mai-pour-la-paix-et-le-desarmement-nucleaire-rassemblement-porteur-despoir\/","title":{"rendered":"21 mai pour la paix et le desarmement nucl\u00e9aire rassemblement porteur d&rsquo;espoir"},"content":{"rendered":"\n<p>Une action r\u00e9ussie et utile pour continuer \u00e0 stopper la d\u00e9rive dangereuse du monde vers plus de guerre.<\/p>\n\n\n\n<p>Au total d\u00e9bat + marche 300 personnes provenant des 4 d\u00e9partements de Bretagne ont particip\u00e9 au rassemblement et \u00e0 la marche pour la paix et le d\u00e9sarmement nucl\u00e9aire devant la base de sous-marins nucl\u00e9aires de l&rsquo;\u00eele longue contre la loi de programmation militaire qui pr\u00e9voit une augmentation de 40% du budget militaire et 60 milliards pour les armes nucl\u00e9aires.<\/p>\n\n\n\n<iframe loading=\"lazy\" src=\"https:\/\/www.facebook.com\/plugins\/video.php?height=314&#038;href=https%3A%2F%2Fwww.facebook.com%2Froland.nivet%2Fvideos%2F662352352388314%2F&#038;show_text=false&#038;width=560&#038;t=0\" width=\"560\" height=\"314\" style=\"border:none;overflow:hidden\" scrolling=\"no\" frameborder=\"0\" allowfullscreen=\"true\" allow=\"autoplay; clipboard-write; encrypted-media; picture-in-picture; web-share\" allowFullScreen=\"true\"><\/iframe>\n","protected":false},"excerpt":{"rendered":"<p>Une action r\u00e9ussie et utile pour continuer \u00e0 stopper la d\u00e9rive dangereuse du monde vers plus de guerre. Au total d\u00e9bat + marche 300 personnes provenant des 4 d\u00e9partements de Bretagne ont particip\u00e9 au rassemblement et \u00e0 la marche pour la paix et le d\u00e9sarmement nucl\u00e9aire devant la base de sous-marins nucl\u00e9aires de l&rsquo;\u00eele longue [&hellip;]<\/p>\n","protected":false},"author":1,"featured_media":0,"comment_status":"open","ping_status":"closed","sticky":false,"template":"","format":"standard","meta":{"_jetpack_newsletter_access":""},"categories":[13,15,33],"tags":[127,6,29,14,17,169],"jetpack_featured_media_url":"","jetpack_sharing_enabled":true,"jetpack_likes_enabled":true,"_links":{"self":[{"href":"https:\/\/culturedelapaix.org\/blogs\/Rennes\/wp-json\/wp\/v2\/posts\/11275"}],"collection":[{"href":"https:\/\/culturedelapaix.org\/blogs\/Rennes\/wp-json\/wp\/v2\/posts"}],"about":[{"href":"https:\/\/culturedelapaix.org\/blogs\/Rennes\/wp-json\/wp\/v2\/types\/post"}],"author":[{"embeddable":true,"href":"https:\/\/culturedelapaix.org\/blogs\/Rennes\/wp-json\/wp\/v2\/users\/1"}],"replies":[{"embeddable":true,"href":"https:\/\/culturedelapaix.org\/blogs\/Rennes\/wp-json\/wp\/v2\/comments?post=11275"}],"version-history":[{"count":2,"href":"https:\/\/culturedelapaix.org\/blogs\/Rennes\/wp-json\/wp\/v2\/posts\/11275\/revisions"}],"predecessor-version":[{"id":11277,"href":"https:\/\/culturedelapaix.org\/blogs\/Rennes\/wp-json\/wp\/v2\/posts\/11275\/revisions\/11277"}],"wp:attachment":[{"href":"https:\/\/culturedelapaix.org\/blogs\/Rennes\/wp-json\/wp\/v2\/media?parent=11275"}],"wp:term":[{"taxonomy":"category","embeddable":true,"href":"https:\/\/culturedelapaix.org\/blogs\/Rennes\/wp-json\/wp\/v2\/categories?post=11275"},{"taxonomy":"post_tag","embeddable":true,"href":"https:\/\/culturedelapaix.org\/blogs\/Rennes\/wp-json\/wp\/v2\/tags?post=11275"}],"curies":[{"name":"wp","href":"https:\/\/api.w.org\/{rel}","templated":true}]}}