{"id":11095,"date":"2022-12-30T11:56:02","date_gmt":"2022-12-30T10:56:02","guid":{"rendered":"https:\/\/culturedelapaix.org\/blogs\/Rennes\/?p=11095"},"modified":"2022-12-30T11:56:02","modified_gmt":"2022-12-30T10:56:02","slug":"crise-de-lhopital-public-du-systeme-de-sante-et-economie-de-paix","status":"publish","type":"post","link":"https:\/\/culturedelapaix.org\/blogs\/Rennes\/2022\/12\/30\/crise-de-lhopital-public-du-systeme-de-sante-et-economie-de-paix\/","title":{"rendered":"<strong>Crise de l\u2019h\u00f4pital public, du syst\u00e8me de sant\u00e9 et \u00e9conomie de Paix\u00a0!<\/strong>"},"content":{"rendered":"\n<figure class=\"wp-block-image size-full\"><img data-attachment-id=\"11097\" data-permalink=\"https:\/\/culturedelapaix.org\/blogs\/Rennes\/2022\/12\/30\/crise-de-lhopital-public-du-systeme-de-sante-et-economie-de-paix\/hopital-sacrifie-guingamp\/\" data-orig-file=\"https:\/\/culturedelapaix.org\/blogs\/Rennes\/wp-content\/uploads\/hopital-sacrifie-guingamp.jpg\" data-orig-size=\"680,383\" data-comments-opened=\"1\" data-image-meta=\"{&quot;aperture&quot;:&quot;0&quot;,&quot;credit&quot;:&quot;&quot;,&quot;camera&quot;:&quot;&quot;,&quot;caption&quot;:&quot;&quot;,&quot;created_timestamp&quot;:&quot;0&quot;,&quot;copyright&quot;:&quot;&quot;,&quot;focal_length&quot;:&quot;0&quot;,&quot;iso&quot;:&quot;0&quot;,&quot;shutter_speed&quot;:&quot;0&quot;,&quot;title&quot;:&quot;&quot;,&quot;orientation&quot;:&quot;0&quot;}\" data-image-title=\"hopital sacrifie population en danger\" data-image-description=\"&lt;p&gt;hopital sacrifie population en danger&lt;\/p&gt;\n\" data-image-caption=\"\" data-medium-file=\"https:\/\/culturedelapaix.org\/blogs\/Rennes\/wp-content\/uploads\/hopital-sacrifie-guingamp-300x169.jpg\" data-large-file=\"https:\/\/culturedelapaix.org\/blogs\/Rennes\/wp-content\/uploads\/hopital-sacrifie-guingamp.jpg\" decoding=\"async\" loading=\"lazy\" width=\"680\" height=\"383\" src=\"http:\/\/culturedelapaix.org\/blogs\/Rennes\/wp-content\/uploads\/hopital-sacrifie-guingamp.jpg\" alt=\"hopital sacrifie population en danger\" class=\"wp-image-11097\" srcset=\"https:\/\/culturedelapaix.org\/blogs\/Rennes\/wp-content\/uploads\/hopital-sacrifie-guingamp.jpg 680w, https:\/\/culturedelapaix.org\/blogs\/Rennes\/wp-content\/uploads\/hopital-sacrifie-guingamp-300x169.jpg 300w\" sizes=\"(max-width: 680px) 100vw, 680px\" \/><\/figure>\n\n\n\n<p>Malades ou parents faisant la course pour pouvoir b\u00e9n\u00e9ficier d&rsquo;une auscultation, ballot\u00e9s entre cabinet m\u00e9dical, Doctolib, service des urgences, retour vers SOS m\u00e9decins&nbsp;; des heures d&rsquo;attente dans les services d&rsquo;urgence des h\u00f4pitaux, des ambulances qui attendent avec les malades \u00e0 bord parfois sept heures sur le parking de l&rsquo;h\u00f4pital avant d\u2019avoir une possibilit\u00e9 d\u2019acc\u00e8s aux services d&rsquo;urgence (source TV C\u2019est dans l\u2019air) , m\u00e9decins oblig\u00e9s de prioriser les urgences entre ceux qu\u2019ils esp\u00e8rent pouvoir sauver, entre les plus \u00e2g\u00e9s et les jeunes enfants. Telle est la situation en mati\u00e8re de sant\u00e9 publique \u00e0 laquelle la population doit faire face en France. Le service public surcharg\u00e9, infirmi\u00e8res qui d\u00e9missionnent car ne pouvant plus assurer dans de bonnes conditions leur travail.<\/p>\n\n\n<div class=\"wp-block-image\">\n<figure class=\"alignright size-full\"><img data-attachment-id=\"11098\" data-permalink=\"https:\/\/culturedelapaix.org\/blogs\/Rennes\/2022\/12\/30\/crise-de-lhopital-public-du-systeme-de-sante-et-economie-de-paix\/fric-pour-hopital-public\/\" data-orig-file=\"https:\/\/culturedelapaix.org\/blogs\/Rennes\/wp-content\/uploads\/fric-pour-hopital-public.jpg\" data-orig-size=\"300,181\" data-comments-opened=\"1\" data-image-meta=\"{&quot;aperture&quot;:&quot;0&quot;,&quot;credit&quot;:&quot;&quot;,&quot;camera&quot;:&quot;&quot;,&quot;caption&quot;:&quot;&quot;,&quot;created_timestamp&quot;:&quot;0&quot;,&quot;copyright&quot;:&quot;&quot;,&quot;focal_length&quot;:&quot;0&quot;,&quot;iso&quot;:&quot;0&quot;,&quot;shutter_speed&quot;:&quot;0&quot;,&quot;title&quot;:&quot;&quot;,&quot;orientation&quot;:&quot;0&quot;}\" data-image-title=\"du fric pour hopital public\" data-image-description=\"&lt;p&gt;du fric pour hopital public&lt;\/p&gt;\n\" data-image-caption=\"\" data-medium-file=\"https:\/\/culturedelapaix.org\/blogs\/Rennes\/wp-content\/uploads\/fric-pour-hopital-public.jpg\" data-large-file=\"https:\/\/culturedelapaix.org\/blogs\/Rennes\/wp-content\/uploads\/fric-pour-hopital-public.jpg\" decoding=\"async\" loading=\"lazy\" width=\"300\" height=\"181\" src=\"http:\/\/culturedelapaix.org\/blogs\/Rennes\/wp-content\/uploads\/fric-pour-hopital-public.jpg\" alt=\"du fric pour hopital public\" class=\"wp-image-11098\"\/><\/figure><\/div>\n\n\n<p>Cette situation, que de nombreuses personnes ont d\u00fb affronter dans les jours et semaines qui viennent de s&rsquo;\u00e9couler \u00e9tait pr\u00e9visible car bien avant la crise du Covid des personnels de sant\u00e9 des h\u00f4pitaux publics, mais aussi les professionnels de sant\u00e9 de la m\u00e9decine lib\u00e9rale alertaient.<\/p>\n\n\n\n<p>Ainsi en d\u00e9cembre 2019 les chefs de services hospitaliers appelaient \u00e0 la d\u00e9mission collective, jugeant tr\u00e8s insuffisante la r\u00e9ponse du gouvernement \u00e0 la crise de l&rsquo;h\u00f4pital. Ils apportaient leur soutien aux manifestations du personnel hospitalier et proposaient une mobilisation g\u00e9n\u00e9rale pour un plan d&rsquo;urgence pour l&rsquo;h\u00f4pital public<\/p>\n\n\n\n<p>Les professionnels de sant\u00e9 et les malades attendent toujours les r\u00e9ponses et les moyens \u00e0 hauteur des n\u00e9cessit\u00e9s et des urgences.<\/p>\n\n\n\n<p>Dans d\u2019autres secteurs les moyens ne se font pas attendre. Ainsi le journal L\u2019usine nouvelle en septembre 2022 titrait&nbsp;: \u00ab&nbsp;<strong><em>Un budget des arm\u00e9es record en 2023 taill\u00e9 pour \u00ab l\u2019\u00e9conomie de guerre \u00bb,&nbsp;\u00ab&nbsp;<\/em><\/strong><em>L\u2019argent promis pour moderniser les arm\u00e9es est bien au rendez-vous. Le projet de loi de finances 2023 pr\u00e9voit un budget record de la d\u00e9fense de 43,9 milliards d\u2019euros, soit une augmentation de l\u2019ordre 3 milliards par rapport \u00e0 l\u2019ann\u00e9e pr\u00e9c\u00e9dente. L&rsquo;effort est consid\u00e9rable sachant que depuis 2019, les cr\u00e9dits militaires ont d\u00e9j\u00e0 augment\u00e9 chaque ann\u00e9e de 1,7 milliard d\u2019euros.&nbsp;<\/em>\u00bb. &nbsp;<\/p>\n\n\n<div class=\"wp-block-image\">\n<figure class=\"alignleft size-full\"><img data-attachment-id=\"11099\" data-permalink=\"https:\/\/culturedelapaix.org\/blogs\/Rennes\/2022\/12\/30\/crise-de-lhopital-public-du-systeme-de-sante-et-economie-de-paix\/hopital-urgence-vital\/\" data-orig-file=\"https:\/\/culturedelapaix.org\/blogs\/Rennes\/wp-content\/uploads\/hopital-urgence-vital.jpg\" data-orig-size=\"300,150\" data-comments-opened=\"1\" data-image-meta=\"{&quot;aperture&quot;:&quot;0&quot;,&quot;credit&quot;:&quot;&quot;,&quot;camera&quot;:&quot;&quot;,&quot;caption&quot;:&quot;&quot;,&quot;created_timestamp&quot;:&quot;0&quot;,&quot;copyright&quot;:&quot;&quot;,&quot;focal_length&quot;:&quot;0&quot;,&quot;iso&quot;:&quot;0&quot;,&quot;shutter_speed&quot;:&quot;0&quot;,&quot;title&quot;:&quot;&quot;,&quot;orientation&quot;:&quot;0&quot;}\" data-image-title=\"hopital public en urgence vitale\" data-image-description=\"&lt;p&gt;hopital public en urgence vitale&lt;\/p&gt;\n\" data-image-caption=\"\" data-medium-file=\"https:\/\/culturedelapaix.org\/blogs\/Rennes\/wp-content\/uploads\/hopital-urgence-vital.jpg\" data-large-file=\"https:\/\/culturedelapaix.org\/blogs\/Rennes\/wp-content\/uploads\/hopital-urgence-vital.jpg\" decoding=\"async\" loading=\"lazy\" width=\"300\" height=\"150\" src=\"http:\/\/culturedelapaix.org\/blogs\/Rennes\/wp-content\/uploads\/hopital-urgence-vital.jpg\" alt=\"hopital public en urgence vitale\" class=\"wp-image-11099\"\/><\/figure><\/div>\n\n\n<p>Pour sa part le site du minist\u00e8re de la d\u00e9fense indique<strong>&nbsp;:&nbsp;\u00ab&nbsp;<\/strong><em>Dot\u00e9e de 43,9 milliards d\u2019euros, la mission D\u00e9fense enregistre une augmentation de ses cr\u00e9dits de paiement de trois milliards pour 2023, soit + 7,4%. Cette progression sensible des ressources s\u2019inscrit dans la tendance de fond pr\u00e9vue par la loi de programmation militaire. Au cours des cinq derni\u00e8res ann\u00e9es, le budget allou\u00e9 \u00e0 nos arm\u00e9es a gagn\u00e9 au total 36% de cr\u00e9dits suppl\u00e9mentaires, pour atteindre 2% du PIB.&nbsp;<\/em><em>\u00ab&nbsp;Nous tenons parole sur les standards de l\u2019Otan&nbsp;\u00bb<\/em><em>, se f\u00e9licite S\u00e9bastien Lecornu, le ministre des Arm\u00e9es. Demand\u00e9e par le chef de l\u2019Etat, la&nbsp;<a href=\"https:\/\/www.defense.gouv.fr\/dgris\/politique-defense\/actualisation-strategique-revue-strategique-2017\"><em>Revue strat\u00e9gique de d\u00e9fense et de s\u00e9curit\u00e9 nationale<\/em><\/a>&nbsp;a permis d\u2019\u00e9tablir, <strong>d\u00e8s 2017<\/strong>, l\u2019imp\u00e9rieuse n\u00e9cessit\u00e9 d\u2019engager la remont\u00e9e en puissance de notre appareil militaire&nbsp;\u00bb.<\/em><\/p>\n\n\n\n<p>A quand la mont\u00e9e en puissance de notre appareil de sant\u00e9 et en particulier de nos services publics de sant\u00e9 pour r\u00e9pondre aux aspirations et aux besoins de la population pour sa s\u00e9curit\u00e9 sanitaire, composante essentielle d\u2019une s\u00e9curit\u00e9 humaine&nbsp;? La France devrait agir <strong>au plan national et international <\/strong>pour <strong>une \u00e9conomie de paix<\/strong> incluant tant la s\u00e9curit\u00e9 sanitaire, que sociale, \u00e9cologique et de l\u2019emploi, composantes essentielles d\u2019une s\u00e9curit\u00e9 humaine globale et mondialis\u00e9e.<\/p>\n\n\n\n<p><strong>Le Mouvement de la Paix- le 29 \/12\/2022. Contact&nbsp;: national@mvtpaix.org<\/strong><\/p>\n","protected":false},"excerpt":{"rendered":"<p>Malades ou parents faisant la course pour pouvoir b\u00e9n\u00e9ficier d&rsquo;une auscultation, ballot\u00e9s entre cabinet m\u00e9dical, Doctolib, service des urgences, retour vers SOS m\u00e9decins&nbsp;; des heures d&rsquo;attente dans les services d&rsquo;urgence des h\u00f4pitaux, des ambulances qui attendent avec les malades \u00e0 bord parfois sept heures sur le parking de l&rsquo;h\u00f4pital avant d\u2019avoir une possibilit\u00e9 d\u2019acc\u00e8s aux [&hellip;]<\/p>\n","protected":false},"author":1,"featured_media":0,"comment_status":"open","ping_status":"closed","sticky":false,"template":"","format":"standard","meta":{"_jetpack_newsletter_access":""},"categories":[4,33,241],"tags":[29,17,297,12],"jetpack_featured_media_url":"","jetpack_sharing_enabled":true,"jetpack_likes_enabled":true,"_links":{"self":[{"href":"https:\/\/culturedelapaix.org\/blogs\/Rennes\/wp-json\/wp\/v2\/posts\/11095"}],"collection":[{"href":"https:\/\/culturedelapaix.org\/blogs\/Rennes\/wp-json\/wp\/v2\/posts"}],"about":[{"href":"https:\/\/culturedelapaix.org\/blogs\/Rennes\/wp-json\/wp\/v2\/types\/post"}],"author":[{"embeddable":true,"href":"https:\/\/culturedelapaix.org\/blogs\/Rennes\/wp-json\/wp\/v2\/users\/1"}],"replies":[{"embeddable":true,"href":"https:\/\/culturedelapaix.org\/blogs\/Rennes\/wp-json\/wp\/v2\/comments?post=11095"}],"version-history":[{"count":2,"href":"https:\/\/culturedelapaix.org\/blogs\/Rennes\/wp-json\/wp\/v2\/posts\/11095\/revisions"}],"predecessor-version":[{"id":11100,"href":"https:\/\/culturedelapaix.org\/blogs\/Rennes\/wp-json\/wp\/v2\/posts\/11095\/revisions\/11100"}],"wp:attachment":[{"href":"https:\/\/culturedelapaix.org\/blogs\/Rennes\/wp-json\/wp\/v2\/media?parent=11095"}],"wp:term":[{"taxonomy":"category","embeddable":true,"href":"https:\/\/culturedelapaix.org\/blogs\/Rennes\/wp-json\/wp\/v2\/categories?post=11095"},{"taxonomy":"post_tag","embeddable":true,"href":"https:\/\/culturedelapaix.org\/blogs\/Rennes\/wp-json\/wp\/v2\/tags?post=11095"}],"curies":[{"name":"wp","href":"https:\/\/api.w.org\/{rel}","templated":true}]}}