{"id":11089,"date":"2022-12-09T14:23:00","date_gmt":"2022-12-09T13:23:00","guid":{"rendered":"https:\/\/culturedelapaix.org\/blogs\/Rennes\/?p=11089"},"modified":"2023-02-03T11:12:28","modified_gmt":"2023-02-03T10:12:28","slug":"message-de-valentina-melnikova-presidente-du-comite-des-meres-de-soldats-de-russie","status":"publish","type":"post","link":"https:\/\/culturedelapaix.org\/blogs\/Rennes\/2022\/12\/09\/message-de-valentina-melnikova-presidente-du-comite-des-meres-de-soldats-de-russie\/","title":{"rendered":"Message de Valentina Melnikova, Pr\u00e9sidente du Comit\u00e9 des m\u00e8res de soldats de Russie"},"content":{"rendered":"\n<p>Chers amis !<\/p>\n\n\n\n<p>L&rsquo;Union des Comit\u00e9s des M\u00e8res de Soldats de Russie appr\u00e9cie grandement l&rsquo;attention que vous portez \u00e0 nos nombreuses ann\u00e9es de travail dans le domaine des droits de l&rsquo;homme. Vous avez soutenu nos efforts pour sauver des prisonniers pendant la guerre de Tch\u00e9tch\u00e9nie en 1995-97, pour mettre fin aux hostilit\u00e9s et pour parvenir \u00e0 un accord de paix entre les dirigeants Ichk\u00e9riens et Russes.<\/p>\n\n\n\n<p>Depuis 2014, une terrible trag\u00e9die se d\u00e9roule sur le sol ukrainien : L&rsquo;\u00c9tat russe d\u00e9truit des villes et des villages florissants et les personnes qui y vivent. Elle d\u00e9truit les h\u00f4pitaux, les \u00e9coles et le syst\u00e8me de survie. Elle prive les gens de logement, d&rsquo;eau, de chauffage et d&rsquo;\u00e9lectricit\u00e9. Des millions de citoyens ukrainiens sont contraints de fuir leur patrie sous les bombardements et les tirs d&rsquo;artillerie, de quitter leurs maisons en ruines.<\/p>\n\n\n\n<p>Que peuvent faire les m\u00e8res soldats de Russie contre la guerre, sous la censure politique et militaire, alors que toute parole ou action condamnant la guerre nous menace de prison ? Nous continuons \u00e0 aider les familles dont les droits sont viol\u00e9s. Notre domaine est l&rsquo;arm\u00e9e. Comme dans l&rsquo;histoire du mouvement, comme dans les guerres pr\u00e9c\u00e9dentes en Russie, il y a des prisonniers, des familles de morts, des disparus.&nbsp; Comme auparavant, nous exigeons que les autorit\u00e9s russes respectent le droit international humanitaire \u00e0 l&rsquo;\u00e9gard des combattants et des civils en Ukraine. Cet objectif est plus difficile \u00e0 atteindre aujourd&rsquo;hui qu&rsquo;auparavant.<\/p>\n\n\n\n<p>Toutes les informations sur les actions des autorit\u00e9s militaires, sur le sort des prisonniers de guerre ukrainiens, sur les civils d\u00e9plac\u00e9s en Russie, sur les enfants emmen\u00e9s en territoire russe sans parents ont \u00e9t\u00e9 class\u00e9es.<\/p>\n\n\n\n<p>Les normes de la troisi\u00e8me convention de Gen\u00e8ve ne sont pas respect\u00e9es en ce qui concerne leurs soldats russes : les bless\u00e9s et les corps des morts restent sur le champ de bataille. Les proches ne sont pas inform\u00e9s du sort de leurs fils, maris et fr\u00e8res.<\/p>\n\n\n\n<p>Les efforts du Comit\u00e9 international de la Croix-Rouge sur le territoire de la Russie sont presque inefficaces.<\/p>\n\n\n\n<p>Les journalistes fran\u00e7ais couvrent notre travail sur les droits de l&rsquo;homme. Mais je pense qu&rsquo;ils ne peuvent pas transmettre pleinement l&rsquo;horreur des crimes de guerre russes en Ukraine. Cette guerre a rendu l&rsquo;humanit\u00e9 enti\u00e8re dangereuse : la Russie menace d&rsquo;utiliser des armes nucl\u00e9aires. La r\u00e9alisation de ces menaces est r\u00e9elle.<\/p>\n\n\n\n<p>Je demande le soutien des militants pacifistes fran\u00e7ais : utilisez votre autorit\u00e9 pour faire sentir aux politiciens fran\u00e7ais combien les actions du gouvernement et de l&rsquo;arm\u00e9e russes sont dangereuses et inhumaines, que la Russie doit \u00eatre forc\u00e9e \u00e0 faire la paix et \u00e0 lib\u00e9rer les territoires annex\u00e9s de l&rsquo;Ukraine : le Donbass et la Crim\u00e9e. Les n\u00e9gociations avec la Russie ne sont possibles qu&rsquo;apr\u00e8s cela &#8211; c&rsquo;est la position des Ukrainiens exprim\u00e9e par le pr\u00e9sident ukrainien Volodymyr Zelensky. Ce n&rsquo;est qu&rsquo;alors qu&rsquo;il sera possible de sauver des dizaines de milliers de vies de civils et de soldats. En Ukraine, de nombreuses personnes \u00e2g\u00e9es et malades sans d\u00e9fense ont besoin d&rsquo;un soutien social et m\u00e9dical.<\/p>\n\n\n\n<p>La position actuellement en vogue consistant \u00e0 bl\u00e2mer l&rsquo;ensemble du peuple russe pour les crimes de l&rsquo;\u00c9tat ne me semble ni juste ni raisonnable. Les organisations russes de d\u00e9fense des droits de l&rsquo;homme et les organisations caritatives continuent de travailler. Il existe des journalistes ind\u00e9pendants et des m\u00e9dias qui montrent la v\u00e9rit\u00e9.<\/p>\n\n\n\n<p>Je vous remercie de votre attention. J&rsquo;esp\u00e8re votre soutien.<\/p>\n\n\n\n<hr class=\"wp-block-separator has-alpha-channel-opacity\"\/>\n\n\n\n<p>Traduit avec www.DeepL.com\/Translator (version gratuite)<\/p>\n","protected":false},"excerpt":{"rendered":"<p>Chers amis ! L&rsquo;Union des Comit\u00e9s des M\u00e8res de Soldats de Russie appr\u00e9cie grandement l&rsquo;attention que vous portez \u00e0 nos nombreuses ann\u00e9es de travail dans le domaine des droits de l&rsquo;homme. Vous avez soutenu nos efforts pour sauver des prisonniers pendant la guerre de Tch\u00e9tch\u00e9nie en 1995-97, pour mettre fin aux hostilit\u00e9s et pour parvenir [&hellip;]<\/p>\n","protected":false},"author":1,"featured_media":0,"comment_status":"open","ping_status":"closed","sticky":false,"template":"","format":"standard","meta":{"_jetpack_newsletter_access":""},"categories":[1],"tags":[11,96,166,12,194],"jetpack_featured_media_url":"","jetpack_sharing_enabled":true,"jetpack_likes_enabled":true,"_links":{"self":[{"href":"https:\/\/culturedelapaix.org\/blogs\/Rennes\/wp-json\/wp\/v2\/posts\/11089"}],"collection":[{"href":"https:\/\/culturedelapaix.org\/blogs\/Rennes\/wp-json\/wp\/v2\/posts"}],"about":[{"href":"https:\/\/culturedelapaix.org\/blogs\/Rennes\/wp-json\/wp\/v2\/types\/post"}],"author":[{"embeddable":true,"href":"https:\/\/culturedelapaix.org\/blogs\/Rennes\/wp-json\/wp\/v2\/users\/1"}],"replies":[{"embeddable":true,"href":"https:\/\/culturedelapaix.org\/blogs\/Rennes\/wp-json\/wp\/v2\/comments?post=11089"}],"version-history":[{"count":2,"href":"https:\/\/culturedelapaix.org\/blogs\/Rennes\/wp-json\/wp\/v2\/posts\/11089\/revisions"}],"predecessor-version":[{"id":11131,"href":"https:\/\/culturedelapaix.org\/blogs\/Rennes\/wp-json\/wp\/v2\/posts\/11089\/revisions\/11131"}],"wp:attachment":[{"href":"https:\/\/culturedelapaix.org\/blogs\/Rennes\/wp-json\/wp\/v2\/media?parent=11089"}],"wp:term":[{"taxonomy":"category","embeddable":true,"href":"https:\/\/culturedelapaix.org\/blogs\/Rennes\/wp-json\/wp\/v2\/categories?post=11089"},{"taxonomy":"post_tag","embeddable":true,"href":"https:\/\/culturedelapaix.org\/blogs\/Rennes\/wp-json\/wp\/v2\/tags?post=11089"}],"curies":[{"name":"wp","href":"https:\/\/api.w.org\/{rel}","templated":true}]}}