{"id":9701,"date":"2019-01-30T13:26:28","date_gmt":"2019-01-30T12:26:28","guid":{"rendered":"http:\/\/culturedelapaix.org\/blogs\/Rennes\/?p=9701"},"modified":"2019-01-30T13:26:28","modified_gmt":"2019-01-30T12:26:28","slug":"declaration-venezuela-la-crise-se-creuse-encore-en-amerique-latine","status":"publish","type":"post","link":"http:\/\/culturedelapaix.org\/blogs\/Rennes\/2019\/01\/30\/declaration-venezuela-la-crise-se-creuse-encore-en-amerique-latine\/","title":{"rendered":"D\u00e9claration: Venezuela, la crise se creuse encore en Am\u00e9rique Latine"},"content":{"rendered":"<h2><img data-attachment-id=\"5817\" data-permalink=\"http:\/\/culturedelapaix.org\/blogs\/Rennes\/2014\/09\/27\/communique-de-djazairouna-dalgerie-et-du-mouvement-de-la-paix\/logo-mvtpaix\/\" data-orig-file=\"http:\/\/culturedelapaix.org\/blogs\/Rennes\/wp-content\/uploads\/logo-mvtpaix.png\" data-orig-size=\"200,194\" data-comments-opened=\"1\" data-image-meta=\"{&quot;aperture&quot;:&quot;0&quot;,&quot;credit&quot;:&quot;&quot;,&quot;camera&quot;:&quot;&quot;,&quot;caption&quot;:&quot;&quot;,&quot;created_timestamp&quot;:&quot;0&quot;,&quot;copyright&quot;:&quot;&quot;,&quot;focal_length&quot;:&quot;0&quot;,&quot;iso&quot;:&quot;0&quot;,&quot;shutter_speed&quot;:&quot;0&quot;,&quot;title&quot;:&quot;&quot;,&quot;orientation&quot;:&quot;0&quot;}\" data-image-title=\"Logo Mouvement de la Paix\" data-image-description=\"&lt;p&gt;Logo Mouvement de la Paix&lt;\/p&gt;\n\" data-image-caption=\"\" data-medium-file=\"http:\/\/culturedelapaix.org\/blogs\/Rennes\/wp-content\/uploads\/logo-mvtpaix.png\" data-large-file=\"http:\/\/culturedelapaix.org\/blogs\/Rennes\/wp-content\/uploads\/logo-mvtpaix.png\" decoding=\"async\" loading=\"lazy\" src=\"http:\/\/culturedelapaix.org\/blogs\/Rennes\/wp-content\/uploads\/logo-mvtpaix.png\" alt=\"Logo Mouvement de la Paix\" width=\"200\" height=\"194\" class=\"alignright size-full wp-image-5817\" \/>D\u00c9CLARATION DU MOUVEMENT DE LA PAIX<\/h2>\n<h3>Venezuela : la crise se creuse encore en Am\u00e9rique Latine<\/h3>\n<p>Le 23 janvier 2019, Juan Guaido, \u00e9lu Pr\u00e9sident de l\u2019Assembl\u00e9e nationale le 5 janvier dernier, s\u2019est autoproclam\u00e9 en toute ill\u00e9galit\u00e9 Pr\u00e9sident par int\u00e9rim \u00e0 la place de Nicolas Maduro qui a \u00e9t\u00e9 \u00e9lu d\u00e9mocratiquement Pr\u00e9sident du Venezuela le 20 mai 2018 et dont le nouveau mandat a commenc\u00e9 le 10 janvier 2019. Une \u00e9tape a donc \u00e9t\u00e9 franchie pour provoquer ce qu\u2019il faut bien appeler l\u2019annonce d\u2019un coup d\u2019\u00e9tat. Aussit\u00f4t, D. Trump lui a apport\u00e9 son soutien, \u00e9voquant une nouvelle fois une possible action militaire, comme son pr\u00e9d\u00e9cesseur il y a quelques ann\u00e9es. Le Ministre fran\u00e7ais des affaires \u00e9trang\u00e8res s\u2019est align\u00e9 sur la position de l\u2019Union europ\u00e9enne en approuvant de fait ce coup de force en ne le condamnant pas, en mettant en garde Maduro contre une riposte de sa part et en appelant \u00e0 une nouvelle \u00e9lection pr\u00e9sidentielle \u00ab\u00a0libre\u00a0\u00bb.<\/p>\n<p>Le syst\u00e8me \u00e9lectoral v\u00e9n\u00e9zu\u00e9lien en vigueur, \u00e0 double d\u00e9comptage, est un consid\u00e9r\u00e9 comme un des syst\u00e8mes les plus s\u00fbrs au monde, salu\u00e9 en son temps par le Pr\u00e9sident des USA Carter lui-m\u00eame. Une Assembl\u00e9e Constituante a \u00e9t\u00e9 r\u00e9cemment \u00e9lue \u00e0 l\u2019initiative de Nicolas Maduro pour am\u00e9liorer le contenu et les \u00e9quilibres de la Constitution du Venezuela.<\/p>\n<p>Pas un mot sur la situation \u00e9conomique et sociale aggrav\u00e9e par le double embargo \u00e9conomique et financier d\u00e9cr\u00e9t\u00e9 par les USA. La solution \u00e0 cette grave crise ne peut se trouver que par un dialogue au sein du peuple v\u00e9n\u00e9zu\u00e9lien en se d\u00e9tachant de toutes les ing\u00e9rences \u00e9trang\u00e8res qui veulent le d\u00e9stabiliser.<\/p>\n<p>Nous observons malheureusement que toute l\u2019Am\u00e9rique du sud bascule progressivement vers des r\u00e9gimes de droite, sinon d\u2019extr\u00eame droite, mettant fin \u00e0 un renouveau de la d\u00e9mocratie apr\u00e8s des ann\u00e9es de plomb, souvent sous des dictatures militaires : le Br\u00e9sil avec l\u2019\u00e9lection de Bolsonaro, la Colombie o\u00f9 le nouveau Pr\u00e9sident met fin aux pourparlers avec l\u2018ELN, en Argentine o\u00f9 la crise se creuse encore, en Equateur. Le soutien par les USA \u00e0 ces retours en arri\u00e8re est \u00e0 chaque fois r\u00e9affirm\u00e9 par D Trump. Un \u00e9l\u00e9ment encourageant cependant, la r\u00e9cente \u00e9lection en Am\u00e9rique centrale, au Mexique, d\u2019un Pr\u00e9sident plus progressiste.<\/p>\n<p>Nous exprimons toute notre solidarit\u00e9 au peuple v\u00e9n\u00e9zu\u00e9lien qui a montr\u00e9 \u00e0 plusieurs reprises sa capacit\u00e9 \u00e0 r\u00e9pondre aux provocations meurtri\u00e8res dont il a \u00e9t\u00e9 l\u2019objet depuis l\u2019\u00e9lection d\u2019Hugo Chavez et qui saura cette fois encore sortir la t\u00eate haute de cette aventure.<\/p>\n<p>Nous demandons au Gouvernement fran\u00e7ais d\u2019exprimer explicitement son opposition \u00e0 toute tentative violente contre l\u2019actuel Pouvoir, d\u2019exiger l\u2019arr\u00eat des embargos qui plombent la vie de ce pays, de cesser d\u2019organiser la p\u00e9nurie des denr\u00e9es essentielles \u00e0 la vie et d\u2019affirmer que seul le peuple v\u00e9n\u00e9zu\u00e9lien a la l\u00e9gitimit\u00e9 pour d\u00e9cider de son avenir.<\/p>\n<p>Notre mensuel Plan\u00e8te paix a consacr\u00e9 tout un dossier sur l\u2019Am\u00e9rique latine dans son dernier num\u00e9ro de janvier 2019, \u00e0 commander ici<\/p>\n<ul>\n<li><a href=\"https:\/\/boutiquedelapaix.com\/magazines\/551-planete-paix-n638.html\">Plan\u00e8te Paix n\u00b0638<\/a><\/li>\n<\/ul>\n<p>\u00c0 Paris, le mardi 29 janvier 2019<br \/><strong>Le Mouvement de la Paix<\/strong><\/p>\n","protected":false},"excerpt":{"rendered":"<p>D\u00c9CLARATION DU MOUVEMENT DE LA PAIX Venezuela : la crise se creuse encore en Am\u00e9rique Latine Le 23 janvier 2019, Juan Guaido, \u00e9lu Pr\u00e9sident de l\u2019Assembl\u00e9e nationale le 5 janvier dernier, s\u2019est autoproclam\u00e9 en toute ill\u00e9galit\u00e9 Pr\u00e9sident par int\u00e9rim \u00e0 la place de Nicolas Maduro qui a \u00e9t\u00e9 \u00e9lu d\u00e9mocratiquement Pr\u00e9sident du Venezuela le 20 [&hellip;]<\/p>\n","protected":false},"author":1,"featured_media":0,"comment_status":"open","ping_status":"closed","sticky":false,"template":"","format":"standard","meta":{"_jetpack_newsletter_access":""},"categories":[4,33,241],"tags":[76,5,29,17,12,263],"jetpack_featured_media_url":"","jetpack_sharing_enabled":true,"jetpack_likes_enabled":true,"_links":{"self":[{"href":"http:\/\/culturedelapaix.org\/blogs\/Rennes\/wp-json\/wp\/v2\/posts\/9701"}],"collection":[{"href":"http:\/\/culturedelapaix.org\/blogs\/Rennes\/wp-json\/wp\/v2\/posts"}],"about":[{"href":"http:\/\/culturedelapaix.org\/blogs\/Rennes\/wp-json\/wp\/v2\/types\/post"}],"author":[{"embeddable":true,"href":"http:\/\/culturedelapaix.org\/blogs\/Rennes\/wp-json\/wp\/v2\/users\/1"}],"replies":[{"embeddable":true,"href":"http:\/\/culturedelapaix.org\/blogs\/Rennes\/wp-json\/wp\/v2\/comments?post=9701"}],"version-history":[{"count":4,"href":"http:\/\/culturedelapaix.org\/blogs\/Rennes\/wp-json\/wp\/v2\/posts\/9701\/revisions"}],"predecessor-version":[{"id":9705,"href":"http:\/\/culturedelapaix.org\/blogs\/Rennes\/wp-json\/wp\/v2\/posts\/9701\/revisions\/9705"}],"wp:attachment":[{"href":"http:\/\/culturedelapaix.org\/blogs\/Rennes\/wp-json\/wp\/v2\/media?parent=9701"}],"wp:term":[{"taxonomy":"category","embeddable":true,"href":"http:\/\/culturedelapaix.org\/blogs\/Rennes\/wp-json\/wp\/v2\/categories?post=9701"},{"taxonomy":"post_tag","embeddable":true,"href":"http:\/\/culturedelapaix.org\/blogs\/Rennes\/wp-json\/wp\/v2\/tags?post=9701"}],"curies":[{"name":"wp","href":"https:\/\/api.w.org\/{rel}","templated":true}]}}