{"id":9255,"date":"2018-05-09T14:25:57","date_gmt":"2018-05-09T12:25:57","guid":{"rendered":"http:\/\/culturedelapaix.org\/blogs\/Rennes\/?p=9255"},"modified":"2018-05-16T09:16:00","modified_gmt":"2018-05-16T07:16:00","slug":"quartiers-en-paix-a-laccueil-breton-a-guichen","status":"publish","type":"post","link":"http:\/\/culturedelapaix.org\/blogs\/Rennes\/2018\/05\/09\/quartiers-en-paix-a-laccueil-breton-a-guichen\/","title":{"rendered":"Quartiers en Paix \u00e0 l&rsquo;accueil Breton \u00e0 Guichen"},"content":{"rendered":"<h3>Le Mouvement de la Paix vous propose l&rsquo;exposition de Jo\u00ebl Lacire, photographe pour le Mouvement de la Paix<\/h3>\n<p><strong>Rencontre avec le photographe et les b\u00e9n\u00e9voles le 12 mai \u00e0 partir de 18h30<\/strong><\/p>\n<p>Bienvenue \u00e0 toutes et tous, musiciens, chanteurs, conteurs pour f\u00eater \u00ab\u00a0EN MAI LES ARTS EN PAIX\u00a0\u00bb<\/p>\n<ul>\n<li><strong>Exposition du samedi 12 mai au vendredi 1er juin<\/strong><br \/><strong>Caf\u00e9 L&rsquo;accueil Breton, 13 rue de la Provostais, Guichen.<\/strong><br \/>Gratuit. Contact : 02 99 57 02 72<br \/>(ouvert du mercredi au dimanche \u00e0 partir de 16h30)<br \/>Comit\u00e9 Mouvement de la Paix Guichen.<br \/>Tel. 06 84 79 53 18<\/li>\n<\/ul>\n<h2>Quartiers en Paix<\/h2>\n<p>Au c\u0153ur des quartiers nous retrouvons \u00ab\u00a0le monde\u00a0\u00bb \u00e0 travers les histoires, les cultures, les religions et les langues des femmes et des hommes qui y vivent.<\/p>\n<p><img data-attachment-id=\"9258\" data-permalink=\"http:\/\/culturedelapaix.org\/blogs\/Rennes\/2018\/05\/09\/quartiers-en-paix-a-laccueil-breton-a-guichen\/quartiers-en-paix-2018\/\" data-orig-file=\"http:\/\/culturedelapaix.org\/blogs\/Rennes\/wp-content\/uploads\/quartiers-en-paix-2018.jpg\" data-orig-size=\"700,467\" data-comments-opened=\"1\" data-image-meta=\"{&quot;aperture&quot;:&quot;0&quot;,&quot;credit&quot;:&quot;&quot;,&quot;camera&quot;:&quot;&quot;,&quot;caption&quot;:&quot;&quot;,&quot;created_timestamp&quot;:&quot;0&quot;,&quot;copyright&quot;:&quot;&quot;,&quot;focal_length&quot;:&quot;0&quot;,&quot;iso&quot;:&quot;0&quot;,&quot;shutter_speed&quot;:&quot;0&quot;,&quot;title&quot;:&quot;&quot;,&quot;orientation&quot;:&quot;0&quot;}\" data-image-title=\"Quartiers en paix 2018\" data-image-description=\"&lt;p&gt;Quartiers en paix 2018&lt;\/p&gt;\n\" data-image-caption=\"\" data-medium-file=\"http:\/\/culturedelapaix.org\/blogs\/Rennes\/wp-content\/uploads\/quartiers-en-paix-2018-300x200.jpg\" data-large-file=\"http:\/\/culturedelapaix.org\/blogs\/Rennes\/wp-content\/uploads\/quartiers-en-paix-2018.jpg\" decoding=\"async\" loading=\"lazy\" src=\"http:\/\/culturedelapaix.org\/blogs\/Rennes\/wp-content\/uploads\/quartiers-en-paix-2018.jpg\" alt=\"Quartiers en paix 2018\" width=\"700\" height=\"467\" class=\"alignnone size-full wp-image-9258\" srcset=\"http:\/\/culturedelapaix.org\/blogs\/Rennes\/wp-content\/uploads\/quartiers-en-paix-2018.jpg 700w, http:\/\/culturedelapaix.org\/blogs\/Rennes\/wp-content\/uploads\/quartiers-en-paix-2018-300x200.jpg 300w\" sizes=\"(max-width: 700px) 100vw, 700px\" \/><\/p>\n<p>Les relations que construisent les jeunes, avec leurs amis et leurs familles sur le quartier mais aussi avec d\u2019autres pays \u00e0 travers le monde permettent \u00e0 condition d\u2019\u00eatre cultiv\u00e9es au jour le jour, de cr\u00e9er des liens et des r\u00e9seaux durables entre des cultures diff\u00e9rentes et ainsi de cr\u00e9er de la fraternit\u00e9 et de la solidarit\u00e9 par des \u00e9changes, en particulier lors d\u2019activit\u00e9s communes.<\/p>\n<p>Ces r\u00e9seaux, \u00e0 travers leur dimension interculturelle et gr\u00e2ce \u00e0 l\u2019\u00e9nergie de la jeunesse, constituent un atout et une richesse consid\u00e9rables pour construire de la connaissance et du respect mutuels.<\/p>\n<p>C\u2019est \u00e0 partir de cette analyse que le Mouvement de la Paix avec d\u2019autres partenaires dont l\u2019Aiep (1) et Artistes pour la Paix, a mis en place et d\u00e9veloppe dans les quartiers des activit\u00e9s de proximit\u00e9 avec les jeunes.<\/p>\n<p>Ces activit\u00e9s d\u2019\u00e9ducation \u00e0 la citoyennet\u00e9 et \u00e0 la non-violence que le Mouvement de la paix d\u00e9veloppe sur le long terme portent les valeurs de la Culture de la Paix telle qu\u2019elle est d\u00e9finie par l\u2019Unesco (2).<\/p>\n<p><img data-attachment-id=\"9257\" data-permalink=\"http:\/\/culturedelapaix.org\/blogs\/Rennes\/2018\/05\/09\/quartiers-en-paix-a-laccueil-breton-a-guichen\/aiep-2018-rennes\/\" data-orig-file=\"http:\/\/culturedelapaix.org\/blogs\/Rennes\/wp-content\/uploads\/aiep-2018-rennes.jpg\" data-orig-size=\"700,464\" data-comments-opened=\"1\" data-image-meta=\"{&quot;aperture&quot;:&quot;0&quot;,&quot;credit&quot;:&quot;&quot;,&quot;camera&quot;:&quot;&quot;,&quot;caption&quot;:&quot;&quot;,&quot;created_timestamp&quot;:&quot;0&quot;,&quot;copyright&quot;:&quot;&quot;,&quot;focal_length&quot;:&quot;0&quot;,&quot;iso&quot;:&quot;0&quot;,&quot;shutter_speed&quot;:&quot;0&quot;,&quot;title&quot;:&quot;&quot;,&quot;orientation&quot;:&quot;0&quot;}\" data-image-title=\"Quartiers en paix 2018\" data-image-description=\"&lt;p&gt;Quartiers en paix 2018&lt;\/p&gt;\n\" data-image-caption=\"\" data-medium-file=\"http:\/\/culturedelapaix.org\/blogs\/Rennes\/wp-content\/uploads\/aiep-2018-rennes-300x199.jpg\" data-large-file=\"http:\/\/culturedelapaix.org\/blogs\/Rennes\/wp-content\/uploads\/aiep-2018-rennes.jpg\" decoding=\"async\" loading=\"lazy\" src=\"http:\/\/culturedelapaix.org\/blogs\/Rennes\/wp-content\/uploads\/aiep-2018-rennes.jpg\" alt=\"Quartiers en paix 2018\" width=\"700\" height=\"464\" class=\"alignnone size-full wp-image-9257\" srcset=\"http:\/\/culturedelapaix.org\/blogs\/Rennes\/wp-content\/uploads\/aiep-2018-rennes.jpg 700w, http:\/\/culturedelapaix.org\/blogs\/Rennes\/wp-content\/uploads\/aiep-2018-rennes-300x199.jpg 300w\" sizes=\"(max-width: 700px) 100vw, 700px\" \/><\/p>\n<p>(1) Aiep : Association Internationale des \u00c9ducateurs \u00e0 la Paix<\/p>\n<p>(2) D\u00e9finition de la culture de la paix et de la non-violence par l\u2019Unesco: \u00ab\u00a0la culture de la paix c\u2019est un ensemble de valeurs, attitudes, comportements et modes de vie qui rejettent la violence et pr\u00e9viennent les conflits en s\u2019attaquant \u00e0 leurs racines par le dialogue et la n\u00e9gociation entre les individus, les groupes et les Etats\u00a0\u00bb<\/p>\n","protected":false},"excerpt":{"rendered":"<p>Le Mouvement de la Paix vous propose l&rsquo;exposition de Jo\u00ebl Lacire, photographe pour le Mouvement de la Paix Rencontre avec le photographe et les b\u00e9n\u00e9voles le 12 mai \u00e0 partir de 18h30 Bienvenue \u00e0 toutes et tous, musiciens, chanteurs, conteurs pour f\u00eater \u00ab\u00a0EN MAI LES ARTS EN PAIX\u00a0\u00bb Exposition du samedi 12 mai au vendredi [&hellip;]<\/p>\n","protected":false},"author":1,"featured_media":0,"comment_status":"open","ping_status":"closed","sticky":false,"template":"","format":"standard","meta":{"_jetpack_newsletter_access":""},"categories":[228,235],"tags":[22,242,11],"jetpack_featured_media_url":"","jetpack_sharing_enabled":true,"jetpack_likes_enabled":true,"_links":{"self":[{"href":"http:\/\/culturedelapaix.org\/blogs\/Rennes\/wp-json\/wp\/v2\/posts\/9255"}],"collection":[{"href":"http:\/\/culturedelapaix.org\/blogs\/Rennes\/wp-json\/wp\/v2\/posts"}],"about":[{"href":"http:\/\/culturedelapaix.org\/blogs\/Rennes\/wp-json\/wp\/v2\/types\/post"}],"author":[{"embeddable":true,"href":"http:\/\/culturedelapaix.org\/blogs\/Rennes\/wp-json\/wp\/v2\/users\/1"}],"replies":[{"embeddable":true,"href":"http:\/\/culturedelapaix.org\/blogs\/Rennes\/wp-json\/wp\/v2\/comments?post=9255"}],"version-history":[{"count":9,"href":"http:\/\/culturedelapaix.org\/blogs\/Rennes\/wp-json\/wp\/v2\/posts\/9255\/revisions"}],"predecessor-version":[{"id":9287,"href":"http:\/\/culturedelapaix.org\/blogs\/Rennes\/wp-json\/wp\/v2\/posts\/9255\/revisions\/9287"}],"wp:attachment":[{"href":"http:\/\/culturedelapaix.org\/blogs\/Rennes\/wp-json\/wp\/v2\/media?parent=9255"}],"wp:term":[{"taxonomy":"category","embeddable":true,"href":"http:\/\/culturedelapaix.org\/blogs\/Rennes\/wp-json\/wp\/v2\/categories?post=9255"},{"taxonomy":"post_tag","embeddable":true,"href":"http:\/\/culturedelapaix.org\/blogs\/Rennes\/wp-json\/wp\/v2\/tags?post=9255"}],"curies":[{"name":"wp","href":"https:\/\/api.w.org\/{rel}","templated":true}]}}