{"id":8289,"date":"2017-07-04T22:57:34","date_gmt":"2017-07-04T20:57:34","guid":{"rendered":"http:\/\/culturedelapaix.org\/blogs\/Rennes\/?p=8289"},"modified":"2017-07-04T22:57:34","modified_gmt":"2017-07-04T20:57:34","slug":"le-mouvement-de-la-paix-relaye-les-infos-dican-international","status":"publish","type":"post","link":"http:\/\/culturedelapaix.org\/blogs\/Rennes\/2017\/07\/04\/le-mouvement-de-la-paix-relaye-les-infos-dican-international\/","title":{"rendered":"Le Mouvement de la paix relaye les infos d\u2019ICAN international"},"content":{"rendered":"<h4>La r\u00e9daction du Trait\u00e9 d\u2019interdiction des armes nucl\u00e9aires avance bien \u00e0 New York<\/h4>\n<p>Le message suivant est arriv\u00e9 cette nuit du 4 juillet 2017 en provenance d\u2019ICAN international depuis New York \u00e0 3h34<\/p>\n<blockquote>\n<p>The text categorically prohibits nuclear weapons, provides a pathway for states with nuclear weapons to join and destroy their nuclear arsenals and includes a strong provision for victim assistance and environmental remediation.<br \/>\nWhile some details are still up for discussion and final negotiations might still change some provisions, this text raises expectations that governments should be able to adopt a strong, robust treaty on Friday 7 July.<\/p>\n<p>Only once in a generation, something like this happens. Let&rsquo;s make sure we do everything we can to make it the best treaty we can get.<\/p>\n<p>Here are three things you can do today to help us get a treaty:<\/p>\n<ol>\n<li>Email your UN mission in New York to ask them to adopt the treaty on Friday.<\/li>\n<li>Donate to support ICAN&rsquo;s work to achieve and implement a treaty banning nuclear weapons.<\/li>\n<li>Follow and join the discussion on social media through the hashtag #nuclearban.<\/li>\n<\/ol>\n<\/blockquote>\n<h5>Traduction fran\u00e7aise<\/h5>\n<p>Cher ami,<\/p>\n<p>Nous entrons dans la derni\u00e8re semaine des n\u00e9gociations \u00e0 New York, o\u00f9 des repr\u00e9sentants de plus de 140 pays ont travaill\u00e9 sur le trait\u00e9.<\/p>\n<p>Un nouveau projet de texte vient d&rsquo;\u00eatre publi\u00e9, vous pouvez <a href=\"http:\/\/www.icanw.org\/wp-content\/uploads\/2017\/07\/Rev2.pdf?mc_cid=247252a834&#038;mc_eid=f02b548033\">le lire ici<\/a>.<\/p>\n<p>Le texte interdit cat\u00e9goriquement les armes nucl\u00e9aires, permet aux \u00c9tats dot\u00e9s d&rsquo;armes nucl\u00e9aires de rejoindre et de d\u00e9truire leurs arsenaux nucl\u00e9aires et comprend une forte aide pour les victimes et l&rsquo;assainissement de l&rsquo;environnement.<br \/>\nAlors que certains d\u00e9tails sont encore en discussion et que les n\u00e9gociations finales pourraient modifier certaines dispositions, ce texte nous laisse esp\u00e9rer que les gouvernements devraient pouvoir adopter un trait\u00e9 solide et robuste le vendredi 7 juillet.<\/p>\n<p>Seulement une fois par g\u00e9n\u00e9ration, quelque chose comme \u00e7a arrive. Veillons \u00e0 ce que nous fassions tout notre possible pour en faire le meilleur trait\u00e9 que nous puissions obtenir.<\/p>\n<p>Voici une chose que vous pouvez faire aujourd&rsquo;hui pour nous aider \u00e0 obtenir un trait\u00e9 :<\/p>\n<ol>\n<li>Envoyez votre message \u00e0 l&rsquo;ONU \u00e0 New York pour leur demander d&rsquo;adopter le trait\u00e9 le vendredi 7 juillet, en cliquant sur le lien ci-apr\u00e8s <a href=\"http:\/\/nuclearban.org\/?mc_cid=247252a834&#038;mc_eid=72ebf0b140#write-to-your-fm\" target=\"_blank\">http:\/\/nuclearban.org\/?mc_cid=247252a834&#038;mc_eid=72ebf0b140#write-to-your-fm<\/a><\/li>\n<\/ol>\n<blockquote>\n<p>Madame, Monsieur, Le 7 juillet 2017 aux Nations Unies \u00e0 New York, les gouvernements se r\u00e9uniront pour adopter un trait\u00e9 sur l&rsquo;interdiction des armes nucl\u00e9aires.<\/p>\n<p>Il y a quarante-cinq ans, nous avons interdit les armes biologiques.<\/p>\n<p>Il y a vingt-cinq ans, nous avons interdit les armes chimiques.<\/p>\n<p>Cette semaine, nous pouvons compl\u00e9ter les interdictions internationales contre les armes de destruction massive en interdisant les armes nucl\u00e9aires.<\/p>\n<p>Je vous invite donc \u00e0 confirmer l&rsquo;intention de votre gouvernement de soutenir l&rsquo;adoption d&rsquo;un trait\u00e9 solide qui interdit les armes nucl\u00e9aires le 7 juillet <sup>(1)<\/sup>.<\/p>\n<p>Et j&rsquo;esp\u00e8re que vous allez encourager d&rsquo;autres gouvernements \u00e0 faire de m\u00eame. Je vous souhaite la bonne chance dans le travail d&rsquo;interdire les armes nucl\u00e9aires. Assurez-vous que des gens du monde entier se tiennent avec vous dans cette entreprise tr\u00e8s importante et urgente.<\/p>\n<p>Cordialement,<\/p>\n<p><sup>(1)<\/sup> (Note du Mouvement de la paix : Pour la France ce texte est \u00e0 prendre avec humour puisque la France essaye d\u2019emp\u00eacher que ce trait\u00e9 voit le jour. Mais il faut l\u2019envoyer pour faire sentir \u00e0 l\u2019ambassadeur de France \u00e0 l\u2019 Onu que la position du Gouvernement fran\u00e7ais est insupportable)<\/p>\n<\/blockquote>\n<h3>Des articles r\u00e9cents exprimant le point de vue du Mouvement de la paix<\/h3>\n<ul>\n<li><a href=\"https:\/\/www.mvtpaix.org\/wordpress\/blog\/2017\/07\/03\/la-france-doit-soutenir-voter-et-ratifier-le-traite-dinterdiction-des-armes-nucleaires\/\">LA FRANCE DOIT SOUTENIR, VOTER ET RATIFIER LE TRAIT\u00c9 D\u2019INTERDICTION DES ARMES NUCL\u00c9AIRES<\/a><\/li>\n<li><a href=\"https:\/\/www.mvtpaix.org\/wordpress\/blog\/2017\/06\/29\/historique-le-traite-dinterdiction-des-armes-nucleaires-se-finalise-a-lonu-aidez-nous-pour-gagner-definitivement-cette-lutte\/\">HISTORIQUE, LE TRAIT\u00c9 D\u2019INTERDICTION DES ARMES NUCL\u00c9AIRES SE FINALISE \u00c0 L\u2019ONU; AIDEZ-NOUS POUR GAGNER D\u00c9FINITIVEMENT CETTE LUTTE<\/a><\/li>\n<li><a href=\"https:\/\/www.mvtpaix.org\/wordpress\/blog\/2017\/06\/29\/un-traite-dinterdiction-des-armes-nucleaires-cest-possible\/\">UN TRAIT\u00c9 D\u2019INTERDICTION DES ARMES NUCL\u00c9AIRES, C\u2019EST POSSIBLE !<\/a><\/li>\n<li><a href=\"https:\/\/www.mvtpaix.org\/wordpress\/texte-du-projet-de-traite-examine-a-lonu-par-la-commission-1-en-mai-juin-2017\/\">TEXTE DU PROJET DE TRAIT\u00c9 EXAMIN\u00c9 \u00c0 L\u2019ONU PAR LA COMMISSION 1 EN MAI-JUIN 2017<\/a><\/li>\n<\/ul>\n<h5>Signez les p\u00e9titions sur le site du Mouvement de la paix :<\/h5>\n<ul>\n<li><a href=\"https:\/\/www.mvtpaix.org\/wordpress\/petitions\/\">https:\/\/www.mvtpaix.org\/wordpress\/petitions<\/a><\/li>\n<\/ul>\n<h5>Rejoignez-nous car il va falloir mener en France la campagne pour que la France ratifie le trait\u00e9 :<\/h5>\n<ul>\n<li><a href=\"https:\/\/www.mvtpaix.org\/wordpress\/nous-rejoindre\/\">https:\/\/www.mvtpaix.org\/wordpress\/nous-rejoindre<\/a><\/li>\n<\/ul>\n<div id=\"attachment_8290\" style=\"width: 710px\" class=\"wp-caption alignnone\"><img aria-describedby=\"caption-attachment-8290\" data-attachment-id=\"8290\" data-permalink=\"http:\/\/culturedelapaix.org\/blogs\/Rennes\/2017\/07\/04\/le-mouvement-de-la-paix-relaye-les-infos-dican-international\/170702-menezhom\/\" data-orig-file=\"http:\/\/culturedelapaix.org\/blogs\/Rennes\/wp-content\/uploads\/170702-menezhom.jpg\" data-orig-size=\"700,525\" data-comments-opened=\"1\" data-image-meta=\"{&quot;aperture&quot;:&quot;0&quot;,&quot;credit&quot;:&quot;&quot;,&quot;camera&quot;:&quot;&quot;,&quot;caption&quot;:&quot;&quot;,&quot;created_timestamp&quot;:&quot;0&quot;,&quot;copyright&quot;:&quot;&quot;,&quot;focal_length&quot;:&quot;0&quot;,&quot;iso&quot;:&quot;0&quot;,&quot;shutter_speed&quot;:&quot;0&quot;,&quot;title&quot;:&quot;&quot;,&quot;orientation&quot;:&quot;0&quot;}\" data-image-title=\"Mouvement de la paix \u00e0 Menez hom\" data-image-description=\"&lt;p&gt;Mouvement de la paix \u00e0 Menez hom&lt;\/p&gt;\n\" data-image-caption=\"&lt;p&gt;Les lanceurs d\u2019alerte de Bretagne en haut du Menez hom avec le Mouvement de la paix le dimanche 2 juillet, deux jours avant le venue de Macron \u00e0 New York&lt;\/p&gt;\n\" data-medium-file=\"http:\/\/culturedelapaix.org\/blogs\/Rennes\/wp-content\/uploads\/170702-menezhom-300x225.jpg\" data-large-file=\"http:\/\/culturedelapaix.org\/blogs\/Rennes\/wp-content\/uploads\/170702-menezhom.jpg\" decoding=\"async\" loading=\"lazy\" src=\"http:\/\/culturedelapaix.org\/blogs\/Rennes\/wp-content\/uploads\/170702-menezhom.jpg\" alt=\"Mouvement de la paix \u00e0 Menez hom\" width=\"700\" height=\"525\" class=\"size-full wp-image-8290\" srcset=\"http:\/\/culturedelapaix.org\/blogs\/Rennes\/wp-content\/uploads\/170702-menezhom.jpg 700w, http:\/\/culturedelapaix.org\/blogs\/Rennes\/wp-content\/uploads\/170702-menezhom-300x225.jpg 300w\" sizes=\"(max-width: 700px) 100vw, 700px\" \/><p id=\"caption-attachment-8290\" class=\"wp-caption-text\">Les lanceurs d\u2019alerte de Bretagne en haut du Menez hom avec le Mouvement de la paix le dimanche 2 juillet, deux jours avant le venue de Macron \u00e0 New York<\/p><\/div>\n","protected":false},"excerpt":{"rendered":"<p>La r\u00e9daction du Trait\u00e9 d\u2019interdiction des armes nucl\u00e9aires avance bien \u00e0 New York Le message suivant est arriv\u00e9 cette nuit du 4 juillet 2017 en provenance d\u2019ICAN international depuis New York \u00e0 3h34 The text categorically prohibits nuclear weapons, provides a pathway for states with nuclear weapons to join and destroy their nuclear arsenals and [&hellip;]<\/p>\n","protected":false},"author":1,"featured_media":0,"comment_status":"open","ping_status":"closed","sticky":false,"template":"","format":"standard","meta":{"_jetpack_newsletter_access":""},"categories":[13,33],"tags":[6,25,10,96,246,17],"jetpack_featured_media_url":"","jetpack_sharing_enabled":true,"jetpack_likes_enabled":true,"_links":{"self":[{"href":"http:\/\/culturedelapaix.org\/blogs\/Rennes\/wp-json\/wp\/v2\/posts\/8289"}],"collection":[{"href":"http:\/\/culturedelapaix.org\/blogs\/Rennes\/wp-json\/wp\/v2\/posts"}],"about":[{"href":"http:\/\/culturedelapaix.org\/blogs\/Rennes\/wp-json\/wp\/v2\/types\/post"}],"author":[{"embeddable":true,"href":"http:\/\/culturedelapaix.org\/blogs\/Rennes\/wp-json\/wp\/v2\/users\/1"}],"replies":[{"embeddable":true,"href":"http:\/\/culturedelapaix.org\/blogs\/Rennes\/wp-json\/wp\/v2\/comments?post=8289"}],"version-history":[{"count":8,"href":"http:\/\/culturedelapaix.org\/blogs\/Rennes\/wp-json\/wp\/v2\/posts\/8289\/revisions"}],"predecessor-version":[{"id":8298,"href":"http:\/\/culturedelapaix.org\/blogs\/Rennes\/wp-json\/wp\/v2\/posts\/8289\/revisions\/8298"}],"wp:attachment":[{"href":"http:\/\/culturedelapaix.org\/blogs\/Rennes\/wp-json\/wp\/v2\/media?parent=8289"}],"wp:term":[{"taxonomy":"category","embeddable":true,"href":"http:\/\/culturedelapaix.org\/blogs\/Rennes\/wp-json\/wp\/v2\/categories?post=8289"},{"taxonomy":"post_tag","embeddable":true,"href":"http:\/\/culturedelapaix.org\/blogs\/Rennes\/wp-json\/wp\/v2\/tags?post=8289"}],"curies":[{"name":"wp","href":"https:\/\/api.w.org\/{rel}","templated":true}]}}