{"id":8160,"date":"2017-05-30T12:33:28","date_gmt":"2017-05-30T10:33:28","guid":{"rendered":"http:\/\/culturedelapaix.org\/blogs\/Rennes\/?p=8160"},"modified":"2017-05-30T12:33:28","modified_gmt":"2017-05-30T10:33:28","slug":"du-1er-mai-au-12-juin-en-mai-les-arts-en-paix-a-saint-senoux","status":"publish","type":"post","link":"http:\/\/culturedelapaix.org\/blogs\/Rennes\/2017\/05\/30\/du-1er-mai-au-12-juin-en-mai-les-arts-en-paix-a-saint-senoux\/","title":{"rendered":"Du 1er mai au 12 juin \u00ab\u00a0En mai les arts en paix \u00e0 Saint-Senoux\u00a0\u00bb"},"content":{"rendered":"<p><img data-attachment-id=\"7284\" data-permalink=\"http:\/\/culturedelapaix.org\/blogs\/Rennes\/2016\/05\/31\/article-rendant-compte-du-concert-le-chant-general\/160531-artsenpaix\/\" data-orig-file=\"http:\/\/culturedelapaix.org\/blogs\/Rennes\/wp-content\/uploads\/160531-artsenpaix.jpg\" data-orig-size=\"167,180\" data-comments-opened=\"1\" data-image-meta=\"{&quot;aperture&quot;:&quot;0&quot;,&quot;credit&quot;:&quot;&quot;,&quot;camera&quot;:&quot;&quot;,&quot;caption&quot;:&quot;&quot;,&quot;created_timestamp&quot;:&quot;0&quot;,&quot;copyright&quot;:&quot;&quot;,&quot;focal_length&quot;:&quot;0&quot;,&quot;iso&quot;:&quot;0&quot;,&quot;shutter_speed&quot;:&quot;0&quot;,&quot;title&quot;:&quot;&quot;,&quot;orientation&quot;:&quot;0&quot;}\" data-image-title=\"En mai les arts en paix\" data-image-description=\"&lt;p&gt;En mai les arts en paix&lt;\/p&gt;\n\" data-image-caption=\"\" data-medium-file=\"http:\/\/culturedelapaix.org\/blogs\/Rennes\/wp-content\/uploads\/160531-artsenpaix.jpg\" data-large-file=\"http:\/\/culturedelapaix.org\/blogs\/Rennes\/wp-content\/uploads\/160531-artsenpaix.jpg\" decoding=\"async\" loading=\"lazy\" src=\"http:\/\/culturedelapaix.org\/blogs\/Rennes\/wp-content\/uploads\/160531-artsenpaix.jpg\" alt=\"En mai les arts en paix\" width=\"167\" height=\"180\" class=\"alignright size-full wp-image-7284\" \/><\/p>\n<p>Cette initiative vise \u00e0 sensibiliser, \u00e0 travers l\u2019art, la population et en particulier les jeunes sur l\u2019importance de la promotion d\u2019une culture de la paix et de la non-violence.<\/p>\n<p>Cette initiative s\u2019ins\u00e8re dans le programme \u201cCulture de la Paix et de la Non-Violence\u201d port\u00e9 par l\u2019UNESCO.<\/p>\n<p>Le comit\u00e9 de Mouvement de la Paix de Guichen propose aux habitants de Saint Senoux l\u2019exposition r\u00e9alis\u00e9e par le Mouvement de la Paix.<\/p>\n<h5>JEUNES VISAGES DE PAIX :<\/h5>\n<p>(Photographies accompagn\u00e9es de textes des jeunes de tous les continents)<\/p>\n<p>Ils ne sont ni blas\u00e9s, ni pessimistes, malgr\u00e9 les obstacles et les dangers d\u2019un monde trop violent dont ils sont conscients. Ils ont des envies folles et pourtant si raisonnables d\u2019amour, de justice, de fraternit\u00e9, de beaut\u00e9, de vie tout simplement\u2026<\/p>\n<p>Leurs aspirations, leurs utopies ne sont r\u00e9alisables que par la paix.<\/p>\n<p><img data-attachment-id=\"8164\" data-permalink=\"http:\/\/culturedelapaix.org\/blogs\/Rennes\/2017\/05\/30\/du-1er-mai-au-12-juin-en-mai-les-arts-en-paix-a-saint-senoux\/mediatheque-st-senoux\/\" data-orig-file=\"http:\/\/culturedelapaix.org\/blogs\/Rennes\/wp-content\/uploads\/mediatheque-st-senoux.jpg\" data-orig-size=\"700,495\" data-comments-opened=\"1\" data-image-meta=\"{&quot;aperture&quot;:&quot;0&quot;,&quot;credit&quot;:&quot;&quot;,&quot;camera&quot;:&quot;&quot;,&quot;caption&quot;:&quot;&quot;,&quot;created_timestamp&quot;:&quot;0&quot;,&quot;copyright&quot;:&quot;&quot;,&quot;focal_length&quot;:&quot;0&quot;,&quot;iso&quot;:&quot;0&quot;,&quot;shutter_speed&quot;:&quot;0&quot;,&quot;title&quot;:&quot;&quot;,&quot;orientation&quot;:&quot;0&quot;}\" data-image-title=\"la m\u00e9diath\u00e8que de Saint Senoux\" data-image-description=\"&lt;p&gt;la m\u00e9diath\u00e8que de Saint Senoux&lt;\/p&gt;\n\" data-image-caption=\"&lt;p&gt;Cette exposition est visible \u00e0 la m\u00e9diath\u00e8que de Saint Senoux.&lt;\/p&gt;\n\" data-medium-file=\"http:\/\/culturedelapaix.org\/blogs\/Rennes\/wp-content\/uploads\/mediatheque-st-senoux-300x212.jpg\" data-large-file=\"http:\/\/culturedelapaix.org\/blogs\/Rennes\/wp-content\/uploads\/mediatheque-st-senoux.jpg\" decoding=\"async\" loading=\"lazy\" src=\"http:\/\/culturedelapaix.org\/blogs\/Rennes\/wp-content\/uploads\/mediatheque-st-senoux.jpg\" alt=\"la m\u00e9diath\u00e8que de Saint Senoux\" width=\"700\" height=\"495\" class=\"size-full wp-image-8164\" srcset=\"http:\/\/culturedelapaix.org\/blogs\/Rennes\/wp-content\/uploads\/mediatheque-st-senoux.jpg 700w, http:\/\/culturedelapaix.org\/blogs\/Rennes\/wp-content\/uploads\/mediatheque-st-senoux-300x212.jpg 300w\" sizes=\"(max-width: 700px) 100vw, 700px\" \/><\/p>\n<p>Cette exposition est visible \u00e0 la m\u00e9diath\u00e8que de Saint Senoux.<\/p>\n<p><img data-attachment-id=\"8165\" data-permalink=\"http:\/\/culturedelapaix.org\/blogs\/Rennes\/2017\/05\/30\/du-1er-mai-au-12-juin-en-mai-les-arts-en-paix-a-saint-senoux\/veronique-st-senoux\/\" data-orig-file=\"http:\/\/culturedelapaix.org\/blogs\/Rennes\/wp-content\/uploads\/veronique-st-senoux.jpg\" data-orig-size=\"700,408\" data-comments-opened=\"1\" data-image-meta=\"{&quot;aperture&quot;:&quot;0&quot;,&quot;credit&quot;:&quot;&quot;,&quot;camera&quot;:&quot;&quot;,&quot;caption&quot;:&quot;&quot;,&quot;created_timestamp&quot;:&quot;0&quot;,&quot;copyright&quot;:&quot;&quot;,&quot;focal_length&quot;:&quot;0&quot;,&quot;iso&quot;:&quot;0&quot;,&quot;shutter_speed&quot;:&quot;0&quot;,&quot;title&quot;:&quot;&quot;,&quot;orientation&quot;:&quot;0&quot;}\" data-image-title=\"V\u00e9ronique, la m\u00e9diath\u00e8que de St Senoux\" data-image-description=\"&lt;p&gt;V\u00e9ronique, la m\u00e9diath\u00e8que de St Senoux&lt;\/p&gt;\n\" data-image-caption=\"&lt;p&gt;V\u00e9ronique, la responsable de la m\u00e9diath\u00e8que.&lt;\/p&gt;\n\" data-medium-file=\"http:\/\/culturedelapaix.org\/blogs\/Rennes\/wp-content\/uploads\/veronique-st-senoux-300x175.jpg\" data-large-file=\"http:\/\/culturedelapaix.org\/blogs\/Rennes\/wp-content\/uploads\/veronique-st-senoux.jpg\" decoding=\"async\" loading=\"lazy\" src=\"http:\/\/culturedelapaix.org\/blogs\/Rennes\/wp-content\/uploads\/veronique-st-senoux.jpg\" alt=\"V\u00e9ronique, la m\u00e9diath\u00e8que de Saint Senoux\" width=\"700\" height=\"408\" class=\"size-full wp-image-8165\" srcset=\"http:\/\/culturedelapaix.org\/blogs\/Rennes\/wp-content\/uploads\/veronique-st-senoux.jpg 700w, http:\/\/culturedelapaix.org\/blogs\/Rennes\/wp-content\/uploads\/veronique-st-senoux-300x175.jpg 300w\" sizes=\"(max-width: 700px) 100vw, 700px\" \/><\/p>\n<p>V\u00e9ronique, la responsable de la m\u00e9diath\u00e8que.<\/p>\n<h5>LA PAIX C\u2019EST UNE R\u00c9VOLUTION<\/h5>\n<p><img data-attachment-id=\"8166\" data-permalink=\"http:\/\/culturedelapaix.org\/blogs\/Rennes\/2017\/05\/30\/du-1er-mai-au-12-juin-en-mai-les-arts-en-paix-a-saint-senoux\/la-paix-c-est-une-revolutio\/\" data-orig-file=\"http:\/\/culturedelapaix.org\/blogs\/Rennes\/wp-content\/uploads\/la-paix-c-est-une-revolutio.jpg\" data-orig-size=\"350,492\" data-comments-opened=\"1\" data-image-meta=\"{&quot;aperture&quot;:&quot;0&quot;,&quot;credit&quot;:&quot;&quot;,&quot;camera&quot;:&quot;&quot;,&quot;caption&quot;:&quot;&quot;,&quot;created_timestamp&quot;:&quot;0&quot;,&quot;copyright&quot;:&quot;&quot;,&quot;focal_length&quot;:&quot;0&quot;,&quot;iso&quot;:&quot;0&quot;,&quot;shutter_speed&quot;:&quot;0&quot;,&quot;title&quot;:&quot;&quot;,&quot;orientation&quot;:&quot;0&quot;}\" data-image-title=\"la paix c&amp;rsquo;est une revolution\" data-image-description=\"&lt;p&gt;la paix c&amp;rsquo;est une revolution&lt;\/p&gt;\n\" data-image-caption=\"\" data-medium-file=\"http:\/\/culturedelapaix.org\/blogs\/Rennes\/wp-content\/uploads\/la-paix-c-est-une-revolutio-213x300.jpg\" data-large-file=\"http:\/\/culturedelapaix.org\/blogs\/Rennes\/wp-content\/uploads\/la-paix-c-est-une-revolutio.jpg\" decoding=\"async\" loading=\"lazy\" src=\"http:\/\/culturedelapaix.org\/blogs\/Rennes\/wp-content\/uploads\/la-paix-c-est-une-revolutio.jpg\" alt=\"la paix c&#039;est une revolution\" width=\"350\" height=\"492\" class=\"aligncenter size-full wp-image-8166\" srcset=\"http:\/\/culturedelapaix.org\/blogs\/Rennes\/wp-content\/uploads\/la-paix-c-est-une-revolutio.jpg 350w, http:\/\/culturedelapaix.org\/blogs\/Rennes\/wp-content\/uploads\/la-paix-c-est-une-revolutio-213x300.jpg 213w\" sizes=\"(max-width: 350px) 100vw, 350px\" \/><\/p>\n<p>Au bar-\u00e9picerie \u00ab\u00a0<a href=\"http:\/\/www.lesassoisfees.com\/\" target=\"_blank\">Les assois f\u00e9es<\/a>\u00ab\u00a0<\/p>\n<p><img data-attachment-id=\"8167\" data-permalink=\"http:\/\/culturedelapaix.org\/blogs\/Rennes\/2017\/05\/30\/du-1er-mai-au-12-juin-en-mai-les-arts-en-paix-a-saint-senoux\/les-assois-fees-stsenoux\/\" data-orig-file=\"http:\/\/culturedelapaix.org\/blogs\/Rennes\/wp-content\/uploads\/les-assois-fees-stsenoux.jpg\" data-orig-size=\"700,525\" data-comments-opened=\"1\" data-image-meta=\"{&quot;aperture&quot;:&quot;0&quot;,&quot;credit&quot;:&quot;&quot;,&quot;camera&quot;:&quot;&quot;,&quot;caption&quot;:&quot;&quot;,&quot;created_timestamp&quot;:&quot;0&quot;,&quot;copyright&quot;:&quot;&quot;,&quot;focal_length&quot;:&quot;0&quot;,&quot;iso&quot;:&quot;0&quot;,&quot;shutter_speed&quot;:&quot;0&quot;,&quot;title&quot;:&quot;&quot;,&quot;orientation&quot;:&quot;0&quot;}\" data-image-title=\"les Assois f\u00e9es \u00e0 St Senoux\" data-image-description=\"&lt;p&gt;les Assois f\u00e9es \u00e0 St Senoux&lt;\/p&gt;\n\" data-image-caption=\"\" data-medium-file=\"http:\/\/culturedelapaix.org\/blogs\/Rennes\/wp-content\/uploads\/les-assois-fees-stsenoux-300x225.jpg\" data-large-file=\"http:\/\/culturedelapaix.org\/blogs\/Rennes\/wp-content\/uploads\/les-assois-fees-stsenoux.jpg\" decoding=\"async\" loading=\"lazy\" src=\"http:\/\/culturedelapaix.org\/blogs\/Rennes\/wp-content\/uploads\/les-assois-fees-stsenoux.jpg\" alt=\"les Assois f\u00e9es \u00e0 Saint Senoux\" width=\"700\" height=\"525\" class=\"alignnone size-full wp-image-8167\" srcset=\"http:\/\/culturedelapaix.org\/blogs\/Rennes\/wp-content\/uploads\/les-assois-fees-stsenoux.jpg 700w, http:\/\/culturedelapaix.org\/blogs\/Rennes\/wp-content\/uploads\/les-assois-fees-stsenoux-300x225.jpg 300w\" sizes=\"(max-width: 700px) 100vw, 700px\" \/><\/p>\n<p>Contacts : Catherine LACIRE, Jacques BERTHELOT<br \/>T\u00e9l\u00e9phone : 06 84 79 53 18<br \/>COMIT\u00c9 DE GUICHEN : <a href=\"mailto:&#112;&#097;&#105;&#120;&#103;&#117;&#105;&#099;&#104;&#101;&#110;&#064;&#111;&#114;&#097;&#110;&#103;&#101;&#046;&#102;&#114;\">paixguichen [@] orange.fr<\/a><br \/>LE MOUVEMENT DE LA PAIX, Comit\u00e9 de Rennes : 02 99 51 24 03  \/  <a href=\"mailto:&#114;&#101;&#110;&#110;&#101;&#115;&#064;&#109;&#118;&#116;&#112;&#097;&#105;&#120;&#046;&#111;&#114;&#103;\">rennes [@] mvtpaix.org<\/a><br \/><a href=\"http:\/\/culturedelapaix.org\/\">culturedelapaix.org<\/a> \/ <a href=\"https:\/\/www.facebook.com\/bretagne.mouvementdelapaix\/\">www.facebook.com\/bretagne.mouvementdelapaix<\/a><\/p>\n","protected":false},"excerpt":{"rendered":"<p>Cette initiative vise \u00e0 sensibiliser, \u00e0 travers l\u2019art, la population et en particulier les jeunes sur l\u2019importance de la promotion d\u2019une culture de la paix et de la non-violence. Cette initiative s\u2019ins\u00e8re dans le programme \u201cCulture de la Paix et de la Non-Violence\u201d port\u00e9 par l\u2019UNESCO. Le comit\u00e9 de Mouvement de la Paix de Guichen [&hellip;]<\/p>\n","protected":false},"author":1,"featured_media":0,"comment_status":"open","ping_status":"closed","sticky":false,"template":"","format":"standard","meta":{"_jetpack_newsletter_access":""},"categories":[228,235],"tags":[22,242,59,11],"jetpack_featured_media_url":"","jetpack_sharing_enabled":true,"jetpack_likes_enabled":true,"_links":{"self":[{"href":"http:\/\/culturedelapaix.org\/blogs\/Rennes\/wp-json\/wp\/v2\/posts\/8160"}],"collection":[{"href":"http:\/\/culturedelapaix.org\/blogs\/Rennes\/wp-json\/wp\/v2\/posts"}],"about":[{"href":"http:\/\/culturedelapaix.org\/blogs\/Rennes\/wp-json\/wp\/v2\/types\/post"}],"author":[{"embeddable":true,"href":"http:\/\/culturedelapaix.org\/blogs\/Rennes\/wp-json\/wp\/v2\/users\/1"}],"replies":[{"embeddable":true,"href":"http:\/\/culturedelapaix.org\/blogs\/Rennes\/wp-json\/wp\/v2\/comments?post=8160"}],"version-history":[{"count":9,"href":"http:\/\/culturedelapaix.org\/blogs\/Rennes\/wp-json\/wp\/v2\/posts\/8160\/revisions"}],"predecessor-version":[{"id":8174,"href":"http:\/\/culturedelapaix.org\/blogs\/Rennes\/wp-json\/wp\/v2\/posts\/8160\/revisions\/8174"}],"wp:attachment":[{"href":"http:\/\/culturedelapaix.org\/blogs\/Rennes\/wp-json\/wp\/v2\/media?parent=8160"}],"wp:term":[{"taxonomy":"category","embeddable":true,"href":"http:\/\/culturedelapaix.org\/blogs\/Rennes\/wp-json\/wp\/v2\/categories?post=8160"},{"taxonomy":"post_tag","embeddable":true,"href":"http:\/\/culturedelapaix.org\/blogs\/Rennes\/wp-json\/wp\/v2\/tags?post=8160"}],"curies":[{"name":"wp","href":"https:\/\/api.w.org\/{rel}","templated":true}]}}