{"id":7394,"date":"2016-06-27T23:09:38","date_gmt":"2016-06-27T21:09:38","guid":{"rendered":"http:\/\/culturedelapaix.org\/blogs\/Rennes\/?p=7394"},"modified":"2016-06-27T23:09:38","modified_gmt":"2016-06-27T21:09:38","slug":"au-blosne-le-mouvement-de-la-paix-donne-son-temps-aux-enfants-du-quartier","status":"publish","type":"post","link":"http:\/\/culturedelapaix.org\/blogs\/Rennes\/2016\/06\/27\/au-blosne-le-mouvement-de-la-paix-donne-son-temps-aux-enfants-du-quartier\/","title":{"rendered":"Au Blosne, le Mouvement de la Paix donne son temps aux enfants du quartier"},"content":{"rendered":"<p>Article du blog <a href=\"http:\/\/www.rennes-infos-autrement.fr\/blosne-mouvement-de-paix-donne-temps-aux-enfants-quartier\/\" target=\"_blank\">Rennes Infos Autrement<\/a> :<\/p>\n<blockquote>\n<h3>AU BLOSNE : LE MOUVEMENT DE LA PAIX DONNE SON TEMPS AUX ENFANTS DU QUARTIER<\/h3>\n<p>Ecrit par Jean-Christophe sur 16\/06\/2016. Publi\u00e9 dans Sorties<\/p>\n<p><img data-attachment-id=\"7399\" data-permalink=\"http:\/\/culturedelapaix.org\/blogs\/Rennes\/2016\/06\/27\/au-blosne-le-mouvement-de-la-paix-donne-son-temps-aux-enfants-du-quartier\/160627-rennesinfosautrement\/\" data-orig-file=\"http:\/\/culturedelapaix.org\/blogs\/Rennes\/wp-content\/uploads\/160627-rennesinfosautrement.jpg\" data-orig-size=\"540,635\" data-comments-opened=\"1\" data-image-meta=\"{&quot;aperture&quot;:&quot;0&quot;,&quot;credit&quot;:&quot;&quot;,&quot;camera&quot;:&quot;&quot;,&quot;caption&quot;:&quot;&quot;,&quot;created_timestamp&quot;:&quot;0&quot;,&quot;copyright&quot;:&quot;&quot;,&quot;focal_length&quot;:&quot;0&quot;,&quot;iso&quot;:&quot;0&quot;,&quot;shutter_speed&quot;:&quot;0&quot;,&quot;title&quot;:&quot;&quot;,&quot;orientation&quot;:&quot;0&quot;}\" data-image-title=\"Mouvement de la Paix par Rennes Infos Autrement\" data-image-description=\"&lt;p&gt;Mouvement de la Paix par Rennes Infos Autrement&lt;\/p&gt;\n\" data-image-caption=\"\" data-medium-file=\"http:\/\/culturedelapaix.org\/blogs\/Rennes\/wp-content\/uploads\/160627-rennesinfosautrement-255x300.jpg\" data-large-file=\"http:\/\/culturedelapaix.org\/blogs\/Rennes\/wp-content\/uploads\/160627-rennesinfosautrement.jpg\" decoding=\"async\" loading=\"lazy\" src=\"http:\/\/culturedelapaix.org\/blogs\/Rennes\/wp-content\/uploads\/160627-rennesinfosautrement.jpg\" alt=\"Mouvement de la Paix par Rennes Infos Autrement\" width=\"540\" height=\"635\" class=\"alignnone size-full wp-image-7399\" srcset=\"http:\/\/culturedelapaix.org\/blogs\/Rennes\/wp-content\/uploads\/160627-rennesinfosautrement.jpg 540w, http:\/\/culturedelapaix.org\/blogs\/Rennes\/wp-content\/uploads\/160627-rennesinfosautrement-255x300.jpg 255w\" sizes=\"(max-width: 540px) 100vw, 540px\" \/><\/p>\n<p>Au Blosne, \u00e0 Rennes,  tout le monde conna\u00eet le local du mouvement pour la Paix. \u00ab\u00a0C\u2019est au pied de la tour, tout de suite \u00e0 gauche,\u00a0\u00bb explique un gamin.<\/p>\n<p>Install\u00e9 au c\u0153ur du quartier, square de Galicie, leur local ne paye pas de mine. Mais \u00e0 l\u2019int\u00e9rieur, le charg\u00e9 de mission Jo\u00ebl et la b\u00e9n\u00e9vole Cathy vous accueillent le c\u0153ur sur la main et avec le tutoiement de rigueur. Sous l\u2019\u00e9gide de leur pr\u00e9sident Roland Nivet, ils contribuent avec bien d\u2019autres au petit bonheur d\u2019un pan de notre ville. \u00ab\u00a0Nous organisons des rencontres, des animations, des expos et des tas d\u2019autres choses\u00a0\u00bb, explique Jo\u00ebl.<\/p>\n<p>Bien s\u00fbr, ils militent pour la paix. Ils font venir des militants du Rwanda, de Tunisie, d\u2019Europe\u2026 \u00ab\u00a0Nous favorisons la culture de la paix et de la non-violence.\u00a0\u00bb Mais tout aussi bien, ils agissent concr\u00e8tement pour les gars et les filles du Blosne. Ils leur apportent tout simplement des animations gratuites, entendons nous bien, gratuites. Ce qui est souvent appr\u00e9ci\u00e9 des familles modestes parfois incapables de payer une inscription dans un club de foot et de th\u00e9\u00e2tre\u2026<\/p>\n<p>Difficile en revanche d\u2019\u00e9num\u00e9rer toutes les animations. Sachez le, elles sont nombreuses, pl\u00e9thoriques. Mais \u00e0 titre d\u2019illustration, on optera bien volontiers pour les cours d\u2019arts plastiques donn\u00e9es par une dame du quartier Magali \u00e0 une douzaine d\u2019enfants. \u00ab\u00a0Nos \u00e9l\u00e8ves sont en train de construire une tour de la paix,\u00a0\u00bb r\u00e9sume Jo\u00ebl. On \u00e9voquera \u00e9galement la visite prochaine du mus\u00e9e de Lur\u00e7at (Angers), la r\u00e9daction d\u2019un journal, la d\u00e9couverte de la voile et du milieu maritime, les cours de photos et plein d\u2019autres animations pour les gamins du quartier.<\/p>\n<p>Pour se faire conna\u00eetre, l\u2018association ne manque pas de moyens et d\u2019id\u00e9es. Elle organise des manifestations. Elle a chant\u00e9 la Marseillaise avec Graeme Allwright, mont\u00e9 le festival des Arts de la Paix en mai, particip\u00e9 aux Rastas du c\u0153ur, aux journ\u00e9es de la Femme et organis\u00e9 un grand concert \u00e0 la salle de la Cit\u00e9 avec Billy the Kick\u2026.Bref, le Mouvement de la Paix est partie int\u00e9grante de la capitale bretonne et c\u2019est bien de le dire. <strong>Mouvement de la Paix, 13 square de Galicie, 02 99 51 24 03<\/strong><\/p>\n<ul>\n<li><a href=\"http:\/\/www.mvtpaix.org\/wordpress\/emplacements\/square-de-galicie\/\" target=\"_blank\">http:\/\/www.mvtpaix.org\/wordpress\/emplacements\/square-de-galicie\/<\/a><\/li>\n<\/ul>\n<\/blockquote>\n","protected":false},"excerpt":{"rendered":"<p>Article du blog Rennes Infos Autrement : AU BLOSNE : LE MOUVEMENT DE LA PAIX DONNE SON TEMPS AUX ENFANTS DU QUARTIER Ecrit par Jean-Christophe sur 16\/06\/2016. Publi\u00e9 dans Sorties Au Blosne, \u00e0 Rennes, tout le monde conna\u00eet le local du mouvement pour la Paix. \u00ab\u00a0C\u2019est au pied de la tour, tout de suite \u00e0 [&hellip;]<\/p>\n","protected":false},"author":1,"featured_media":0,"comment_status":"open","ping_status":"closed","sticky":false,"template":"","format":"standard","meta":{"_jetpack_newsletter_access":""},"categories":[56],"tags":[99,57,18],"jetpack_featured_media_url":"","jetpack_sharing_enabled":true,"jetpack_likes_enabled":true,"_links":{"self":[{"href":"http:\/\/culturedelapaix.org\/blogs\/Rennes\/wp-json\/wp\/v2\/posts\/7394"}],"collection":[{"href":"http:\/\/culturedelapaix.org\/blogs\/Rennes\/wp-json\/wp\/v2\/posts"}],"about":[{"href":"http:\/\/culturedelapaix.org\/blogs\/Rennes\/wp-json\/wp\/v2\/types\/post"}],"author":[{"embeddable":true,"href":"http:\/\/culturedelapaix.org\/blogs\/Rennes\/wp-json\/wp\/v2\/users\/1"}],"replies":[{"embeddable":true,"href":"http:\/\/culturedelapaix.org\/blogs\/Rennes\/wp-json\/wp\/v2\/comments?post=7394"}],"version-history":[{"count":5,"href":"http:\/\/culturedelapaix.org\/blogs\/Rennes\/wp-json\/wp\/v2\/posts\/7394\/revisions"}],"predecessor-version":[{"id":7402,"href":"http:\/\/culturedelapaix.org\/blogs\/Rennes\/wp-json\/wp\/v2\/posts\/7394\/revisions\/7402"}],"wp:attachment":[{"href":"http:\/\/culturedelapaix.org\/blogs\/Rennes\/wp-json\/wp\/v2\/media?parent=7394"}],"wp:term":[{"taxonomy":"category","embeddable":true,"href":"http:\/\/culturedelapaix.org\/blogs\/Rennes\/wp-json\/wp\/v2\/categories?post=7394"},{"taxonomy":"post_tag","embeddable":true,"href":"http:\/\/culturedelapaix.org\/blogs\/Rennes\/wp-json\/wp\/v2\/tags?post=7394"}],"curies":[{"name":"wp","href":"https:\/\/api.w.org\/{rel}","templated":true}]}}