{"id":6079,"date":"2015-03-07T17:27:34","date_gmt":"2015-03-07T16:27:34","guid":{"rendered":"http:\/\/culturedelapaix.org\/blogs\/Rennes\/?p=6079"},"modified":"2015-03-07T17:27:34","modified_gmt":"2015-03-07T16:27:34","slug":"conference-autour-du-livre-lhomme-qui-repare-les-femmes","status":"publish","type":"post","link":"http:\/\/culturedelapaix.org\/blogs\/Rennes\/2015\/03\/07\/conference-autour-du-livre-lhomme-qui-repare-les-femmes\/","title":{"rendered":"Conf\u00e9rence autour du livre \u00ab\u00a0L&rsquo;homme qui r\u00e9pare les femmes\u00a0\u00bb"},"content":{"rendered":"<p><img data-attachment-id=\"6080\" data-permalink=\"http:\/\/culturedelapaix.org\/blogs\/Rennes\/2015\/03\/07\/conference-autour-du-livre-lhomme-qui-repare-les-femmes\/150307-braeckman\/\" data-orig-file=\"http:\/\/culturedelapaix.org\/blogs\/Rennes\/wp-content\/uploads\/150307-Braeckman.jpg\" data-orig-size=\"115,200\" data-comments-opened=\"1\" data-image-meta=\"{&quot;aperture&quot;:&quot;0&quot;,&quot;credit&quot;:&quot;&quot;,&quot;camera&quot;:&quot;&quot;,&quot;caption&quot;:&quot;&quot;,&quot;created_timestamp&quot;:&quot;0&quot;,&quot;copyright&quot;:&quot;&quot;,&quot;focal_length&quot;:&quot;0&quot;,&quot;iso&quot;:&quot;0&quot;,&quot;shutter_speed&quot;:&quot;0&quot;,&quot;title&quot;:&quot;&quot;,&quot;orientation&quot;:&quot;0&quot;}\" data-image-title=\"L&amp;rsquo;Homme Qui R\u00e9pare les Femmes de Collette Braeckman\" data-image-description=\"&lt;p&gt;L&amp;rsquo;Homme Qui R\u00e9pare les Femmes de Collette Braeckman&lt;\/p&gt;\n\" data-image-caption=\"\" data-medium-file=\"http:\/\/culturedelapaix.org\/blogs\/Rennes\/wp-content\/uploads\/150307-Braeckman.jpg\" data-large-file=\"http:\/\/culturedelapaix.org\/blogs\/Rennes\/wp-content\/uploads\/150307-Braeckman.jpg\" decoding=\"async\" loading=\"lazy\" src=\"http:\/\/culturedelapaix.org\/blogs\/Rennes\/wp-content\/uploads\/150307-Braeckman.jpg\" alt=\"L&#039;Homme Qui R\u00e9pare les Femmes de Collette Braeckman\" width=\"115\" height=\"200\" class=\"alignleft size-full wp-image-6080\" \/><strong>Mercredi 19 mars 2015 \u00e0 l&rsquo;espace Ouest France \u00e0 18H.<\/strong><\/p>\n<p><strong>Conf\u00e9rence-d\u00e9bat avec Colette Braeckman<\/strong> autour de son livre <em>L&rsquo;homme qui r\u00e9pare les femmes<\/em> en partenariat avec Angola Congo Bretagne, VUDO, D\u00e9clic-Femmes.<\/p>\n<p>&nbsp;<\/p>\n<p>&nbsp;<\/p>\n<p>&nbsp;<\/p>\n<p>&nbsp;<\/p>\n<p>&nbsp;<\/p>\n","protected":false},"excerpt":{"rendered":"<p>Mercredi 19 mars 2015 \u00e0 l&rsquo;espace Ouest France \u00e0 18H. Conf\u00e9rence-d\u00e9bat avec Colette Braeckman autour de son livre L&rsquo;homme qui r\u00e9pare les femmes en partenariat avec Angola Congo Bretagne, VUDO, D\u00e9clic-Femmes. &nbsp; &nbsp; &nbsp; &nbsp; &nbsp;<\/p>\n","protected":false},"author":1,"featured_media":0,"comment_status":"open","ping_status":"closed","sticky":false,"template":"","format":"standard","meta":{"_jetpack_newsletter_access":""},"categories":[39,27,34],"tags":[224,26,107,8,12],"jetpack_featured_media_url":"","jetpack_sharing_enabled":true,"jetpack_likes_enabled":true,"_links":{"self":[{"href":"http:\/\/culturedelapaix.org\/blogs\/Rennes\/wp-json\/wp\/v2\/posts\/6079"}],"collection":[{"href":"http:\/\/culturedelapaix.org\/blogs\/Rennes\/wp-json\/wp\/v2\/posts"}],"about":[{"href":"http:\/\/culturedelapaix.org\/blogs\/Rennes\/wp-json\/wp\/v2\/types\/post"}],"author":[{"embeddable":true,"href":"http:\/\/culturedelapaix.org\/blogs\/Rennes\/wp-json\/wp\/v2\/users\/1"}],"replies":[{"embeddable":true,"href":"http:\/\/culturedelapaix.org\/blogs\/Rennes\/wp-json\/wp\/v2\/comments?post=6079"}],"version-history":[{"count":4,"href":"http:\/\/culturedelapaix.org\/blogs\/Rennes\/wp-json\/wp\/v2\/posts\/6079\/revisions"}],"predecessor-version":[{"id":6084,"href":"http:\/\/culturedelapaix.org\/blogs\/Rennes\/wp-json\/wp\/v2\/posts\/6079\/revisions\/6084"}],"wp:attachment":[{"href":"http:\/\/culturedelapaix.org\/blogs\/Rennes\/wp-json\/wp\/v2\/media?parent=6079"}],"wp:term":[{"taxonomy":"category","embeddable":true,"href":"http:\/\/culturedelapaix.org\/blogs\/Rennes\/wp-json\/wp\/v2\/categories?post=6079"},{"taxonomy":"post_tag","embeddable":true,"href":"http:\/\/culturedelapaix.org\/blogs\/Rennes\/wp-json\/wp\/v2\/tags?post=6079"}],"curies":[{"name":"wp","href":"https:\/\/api.w.org\/{rel}","templated":true}]}}