{"id":5754,"date":"2014-09-03T15:14:22","date_gmt":"2014-09-03T13:14:22","guid":{"rendered":"http:\/\/culturedelapaix.org\/blogs\/Rennes\/?p=5754"},"modified":"2014-09-03T15:14:22","modified_gmt":"2014-09-03T13:14:22","slug":"rapport-damnesty-sur-le-nettoyage-ethnique-en-irak","status":"publish","type":"post","link":"http:\/\/culturedelapaix.org\/blogs\/Rennes\/2014\/09\/03\/rapport-damnesty-sur-le-nettoyage-ethnique-en-irak\/","title":{"rendered":"Rapport d&rsquo;Amnesty sur le nettoyage \u00e9thnique en Irak"},"content":{"rendered":"<p>Voici un rapport d&rsquo;Amnesty International sur le nettoyage \u00e9thnique en Irak (voir <a href=\"http:\/\/www.amnesty.fr\/AI-en-action\/Violences\/Armes-et-conflits-armes\/Actualites\/Irak-un-nettoyage-ethnique-est-en-cours-12439\" title=\"Amnesty International: &quot;Irak: un nettoyage ethnique est en cours&quot;\" target=\"_blank\">l&rsquo;original ici<\/a>):<\/p>\n<blockquote>\n<h3>Irak: un nettoyage ethnique est en cours<\/h3>\n<div id=\"attachment_5758\" style=\"width: 310px\" class=\"wp-caption alignleft\"><img aria-describedby=\"caption-attachment-5758\" data-attachment-id=\"5758\" data-permalink=\"http:\/\/culturedelapaix.org\/blogs\/Rennes\/2014\/09\/03\/rapport-damnesty-sur-le-nettoyage-ethnique-en-irak\/199071_displaced_yezidis_fleeing_mount_sinjar\/\" data-orig-file=\"http:\/\/culturedelapaix.org\/blogs\/Rennes\/wp-content\/uploads\/199071_displaced_yezidis_fleeing_mount_sinjar.jpg\" data-orig-size=\"620,310\" data-comments-opened=\"1\" data-image-meta=\"{&quot;aperture&quot;:&quot;0&quot;,&quot;credit&quot;:&quot;&quot;,&quot;camera&quot;:&quot;&quot;,&quot;caption&quot;:&quot;&quot;,&quot;created_timestamp&quot;:&quot;0&quot;,&quot;copyright&quot;:&quot;&quot;,&quot;focal_length&quot;:&quot;0&quot;,&quot;iso&quot;:&quot;0&quot;,&quot;shutter_speed&quot;:&quot;0&quot;,&quot;title&quot;:&quot;&quot;}\" data-image-title=\"Des y\u00e9zidis fuient la violence du groupe arm\u00e9 Etat islamique vers la fronti\u00e8re syrienne\" data-image-description=\"&lt;p&gt;Des y\u00e9zidis fuient la violence du groupe arm\u00e9 Etat islamique vers la fronti\u00e8re syrienne&lt;\/p&gt;\n\" data-image-caption=\"&lt;p&gt;Des y\u00e9zidis fuient la violence du groupe arm\u00e9 Etat islamique vers la fronti\u00e8re syrienne \u00a9 REUTERS\/Rodi Said&lt;\/p&gt;\n\" data-medium-file=\"http:\/\/culturedelapaix.org\/blogs\/Rennes\/wp-content\/uploads\/199071_displaced_yezidis_fleeing_mount_sinjar-300x150.jpg\" data-large-file=\"http:\/\/culturedelapaix.org\/blogs\/Rennes\/wp-content\/uploads\/199071_displaced_yezidis_fleeing_mount_sinjar.jpg\" decoding=\"async\" loading=\"lazy\" src=\"http:\/\/culturedelapaix.org\/blogs\/Rennes\/wp-content\/uploads\/199071_displaced_yezidis_fleeing_mount_sinjar-300x150.jpg\" alt=\"Des y\u00e9zidis fuient la violence du groupe arm\u00e9 Etat islamique vers la fronti\u00e8re syrienne\" width=\"300\" height=\"150\" class=\"size-medium wp-image-5758\" srcset=\"http:\/\/culturedelapaix.org\/blogs\/Rennes\/wp-content\/uploads\/199071_displaced_yezidis_fleeing_mount_sinjar-300x150.jpg 300w, http:\/\/culturedelapaix.org\/blogs\/Rennes\/wp-content\/uploads\/199071_displaced_yezidis_fleeing_mount_sinjar.jpg 620w\" sizes=\"(max-width: 300px) 100vw, 300px\" \/><p id=\"caption-attachment-5758\" class=\"wp-caption-text\">Des y\u00e9zidis fuient la violence du groupe arm\u00e9 Etat islamique vers la fronti\u00e8re syrienne \u00a9 REUTERS\/Rodi Said<\/p><\/div>\n<p><strong>Des \u00e9l\u00e9ments r\u00e9cemment d\u00e9couverts par Amnesty International indiquent que des membres du groupe arm\u00e9 qui se fait appeler \u00c9tat islamique (EI) ont lanc\u00e9 une campagne syst\u00e9matique de nettoyage ethnique dans le nord de l&rsquo;Irak, commettant des crimes de guerre, notamment des enl\u00e8vements et ex\u00e9cutions sommaires de masse, contre les minorit\u00e9s ethniques et religieuses.<\/strong><\/p>\n<p>Des \u00e9l\u00e9ments r\u00e9cemment d\u00e9couverts par Amnesty International indiquent que des membres du groupe arm\u00e9 qui se fait appeler \u00c9tat islamique (EI) ont lanc\u00e9 une campagne syst\u00e9matique de nettoyage ethnique dans le nord de l&rsquo;Irak, commettant des crimes de guerre, notamment des enl\u00e8vements et ex\u00e9cutions sommaires de masse, contre les minorit\u00e9s ethniques et religieuses.<\/p>\n<p>Un nouveau document, <em>Ethnic cleansing on historic scale: the Islamic State\u2019s systematic targeting of minorities in northern Iraq,<\/em> pr\u00e9sente des t\u00e9moignages gla\u00e7ants de personnes ayant surv\u00e9cu \u00e0 des massacres.<\/p>\n<div id=\"attachment_5761\" style=\"width: 500px\" class=\"wp-caption alignnone\"><img aria-describedby=\"caption-attachment-5761\" data-attachment-id=\"5761\" data-permalink=\"http:\/\/culturedelapaix.org\/blogs\/Rennes\/2014\/09\/03\/rapport-damnesty-sur-le-nettoyage-ethnique-en-irak\/199059_displaced_people_from_minority_yazidi_sect_fleeing_violence_from_forces_loyal_to_islamic_state_in_sinjar_town_walk_towards_syrian_border_on_outskirts_of_sinjar_mountain-img_assist_custom-490x36\/\" data-orig-file=\"http:\/\/culturedelapaix.org\/blogs\/Rennes\/wp-content\/uploads\/199059_displaced_people_from_minority_yazidi_sect_fleeing_violence_from_forces_loyal_to_islamic_state_in_sinjar_town_walk_towards_syrian_border_on_outskirts_of_sinjar_mountain.img_assist_custom-490x368.jpg\" data-orig-size=\"490,368\" data-comments-opened=\"1\" data-image-meta=\"{&quot;aperture&quot;:&quot;0&quot;,&quot;credit&quot;:&quot;&quot;,&quot;camera&quot;:&quot;&quot;,&quot;caption&quot;:&quot;&quot;,&quot;created_timestamp&quot;:&quot;0&quot;,&quot;copyright&quot;:&quot;&quot;,&quot;focal_length&quot;:&quot;0&quot;,&quot;iso&quot;:&quot;0&quot;,&quot;shutter_speed&quot;:&quot;0&quot;,&quot;title&quot;:&quot;&quot;}\" data-image-title=\"Les Y\u00e9z\u00e9dies fuient vers la fronti\u00e8re syrienne\" data-image-description=\"&lt;p&gt;Les Y\u00e9z\u00e9dies fuient vers la fronti\u00e8re syrienne&lt;\/p&gt;\n\" data-image-caption=\"&lt;p&gt;Les Y\u00e9z\u00e9dies fuient vers la fronti\u00e8re syrienne \u00a9 REUTERS\/Rodi Said&lt;\/p&gt;\n\" data-medium-file=\"http:\/\/culturedelapaix.org\/blogs\/Rennes\/wp-content\/uploads\/199059_displaced_people_from_minority_yazidi_sect_fleeing_violence_from_forces_loyal_to_islamic_state_in_sinjar_town_walk_towards_syrian_border_on_outskirts_of_sinjar_mountain.img_assist_custom-490x368-300x225.jpg\" data-large-file=\"http:\/\/culturedelapaix.org\/blogs\/Rennes\/wp-content\/uploads\/199059_displaced_people_from_minority_yazidi_sect_fleeing_violence_from_forces_loyal_to_islamic_state_in_sinjar_town_walk_towards_syrian_border_on_outskirts_of_sinjar_mountain.img_assist_custom-490x368.jpg\" decoding=\"async\" loading=\"lazy\" src=\"http:\/\/culturedelapaix.org\/blogs\/Rennes\/wp-content\/uploads\/199059_displaced_people_from_minority_yazidi_sect_fleeing_violence_from_forces_loyal_to_islamic_state_in_sinjar_town_walk_towards_syrian_border_on_outskirts_of_sinjar_mountain.img_assist_custom-490x368.jpg\" alt=\"Les Y\u00e9z\u00e9dies fuient vers la fronti\u00e8re syrienne\" width=\"490\" height=\"368\" class=\"size-full wp-image-5761\" srcset=\"http:\/\/culturedelapaix.org\/blogs\/Rennes\/wp-content\/uploads\/199059_displaced_people_from_minority_yazidi_sect_fleeing_violence_from_forces_loyal_to_islamic_state_in_sinjar_town_walk_towards_syrian_border_on_outskirts_of_sinjar_mountain.img_assist_custom-490x368.jpg 490w, http:\/\/culturedelapaix.org\/blogs\/Rennes\/wp-content\/uploads\/199059_displaced_people_from_minority_yazidi_sect_fleeing_violence_from_forces_loyal_to_islamic_state_in_sinjar_town_walk_towards_syrian_border_on_outskirts_of_sinjar_mountain.img_assist_custom-490x368-300x225.jpg 300w\" sizes=\"(max-width: 490px) 100vw, 490px\" \/><p id=\"caption-attachment-5761\" class=\"wp-caption-text\">Les Y\u00e9z\u00e9dies fuient vers la fronti\u00e8re syrienne \u00a9 REUTERS\/Rodi Said<\/p><\/div>\n<h5>MASSACRES ET ENL\u00c8VEMENTS<\/h5>\n<p>Certains de ces r\u00e9cits d\u00e9crivent la mani\u00e8re dont des dizaines d&rsquo;hommes et de gar\u00e7ons de la r\u00e9gion de Sinjar, dans le nord de l&rsquo;Irak, ont \u00e9t\u00e9 rassembl\u00e9s par des combattants de l&rsquo;\u00c9tat islamique, entass\u00e9s dans des pick-up et conduits \u00e0 l&rsquo;ext\u00e9rieur de leur village pour \u00eatre massacr\u00e9s en groupe ou abattus individuellement. Des centaines de femmes et d&rsquo;enfants, peut-\u00eatre m\u00eame des milliers, ainsi que des dizaines d&rsquo;hommes appartenant \u00e0 la minorit\u00e9 y\u00e9zidie ont \u00e9galement \u00e9t\u00e9 enlev\u00e9s depuis que l&rsquo;EI a pris le contr\u00f4le de cette zone.<\/p>\n<p>Les massacres et les enl\u00e8vements auxquels proc\u00e8de l&rsquo;\u00c9tat islamique prouvent une nouvelle fois qu&rsquo;une vague de nettoyage ethnique visant les minorit\u00e9s balaye le nord de l&rsquo;Irak.<\/p>\n<p><em>\u00ab\u00a0L&rsquo;\u00c9tat islamique commet des crimes abjects et a transform\u00e9 les zones rurales autour de Sinjar en terrains d&rsquo;ex\u00e9cution imbib\u00e9s de sang avec sa campagne implacable visant \u00e0 oblit\u00e9rer toute trace des populations non arabes et non sunnites.\u00a0\u00bb<\/em> <strong>Donatella Rovera<\/strong>, conseill\u00e8re d&rsquo;Amnesty International en mati\u00e8re de r\u00e9action aux crises qui se trouve actuellement dans le nord de l&rsquo;Irak.<\/p>\n<p>Nous avons rassembl\u00e9 des \u00e9l\u00e9ments prouvant que plusieurs massacres ont eu lieu dans la r\u00e9gion de Sinjar en ao\u00fbt. Deux des \u00e9pisodes les plus sanglants sont survenus quand des combattants de l&rsquo;EI ont lanc\u00e9 un raid sur les villages de Qiniyeh, le 3 ao\u00fbt, et de Kocho, le 15. Pour ces deux seuls villages, le nombre de tu\u00e9s atteint plusieurs centaines. Dans les deux cas, des groupes d&rsquo;hommes et d&rsquo;adolescents, dont certains d&rsquo;\u00e0 peine 12 ans, ont \u00e9t\u00e9 captur\u00e9s par des activistes de l&rsquo;EI, emmen\u00e9s et abattus.<\/p>\n<h5>LES VICTIMES PRISES AU HASARD<\/h5>\n<p><em>\u00ab\u00a0Il n&rsquo;y avait pas d&rsquo;ordre particulier, ils [les membres de l&rsquo;EI] ont juste rempli les v\u00e9hicules au hasard\u00a0\u00bb<\/em>, nous a expliqu\u00e9 un survivant du massacre de Kocho.<\/p>\n<p>Sa\u00efd, qui a \u00e9chapp\u00e9 de justesse \u00e0 la mort avec son fr\u00e8re Khaled, a re\u00e7u cinq balles. Trois dans le genou gauche, une dans la hanche et une dans l&rsquo;\u00e9paule. Ils ont perdu sept fr\u00e8res dans le massacre. Un autre survivant, Salem, qui a r\u00e9ussi \u00e0 se cacher et \u00e0 survivre pr\u00e8s du lieu du carnage pendant 12 jours, nous a d\u00e9crit  l&rsquo;horreur d&rsquo;entendre les cris de douleur des autres bless\u00e9s.<\/p>\n<p><em>\u00ab\u00a0Certains ne pouvaient pas bouger et n&rsquo;ont pas pu se sauver. Ils sont rest\u00e9s allong\u00e9s l\u00e0, \u00e0 attendre la mort en souffrant atrocement. Ils ont eu une mort horrible. J&rsquo;ai r\u00e9ussi \u00e0 me tra\u00eener \u00e0 l&rsquo;\u00e9cart et j&rsquo;ai \u00e9t\u00e9 sauv\u00e9 par un voisin musulman. Il a risqu\u00e9 sa vie pour me sauver. C&rsquo;est plus qu&rsquo;un fr\u00e8re pour moi. Pendant 12 jours, il m&rsquo;a apport\u00e9 \u00e0 manger et \u00e0 boire toutes les nuits. Je ne pouvais pas marcher et n&rsquo;avais aucune chance de pouvoir m&rsquo;enfuir et \u00e7a devenait de plus en plus dangereux pour lui de me garder l\u00e0\u00a0\u00bb<\/em>, a-t-il expliqu\u00e9.<\/p>\n<p>Il a par la suite r\u00e9ussi \u00e0 fuir \u00e0 dos d&rsquo;\u00e2ne dans les montagnes, puis vers les zones contr\u00f4l\u00e9es par le Gouvernement r\u00e9gional du Kurdistan.<\/p>\n<h5>UNE POPULATION TERRORIS\u00c9E<\/h5>\n<p>Les massacres et les enl\u00e8vements ont r\u00e9ussi \u00e0 terroriser la totalit\u00e9 de la population du nord de l&rsquo;Irak, poussant des milliers de personnes \u00e0 fuir pour sauver leur vie.<\/p>\n<p>On ignore toujours le sort r\u00e9serv\u00e9 \u00e0 la plupart des centaines de y\u00e9zidis enlev\u00e9s et maintenus captifs par l&rsquo;\u00c9tat islamique. Nombre des personnes retenues par l&rsquo;EI ont \u00e9t\u00e9 menac\u00e9es de viol ou d&rsquo;agression sexuelle ou ont subi des pressions visant \u00e0 les obliger \u00e0 se convertir \u00e0 l&rsquo;islam. Dans certains cas, des familles enti\u00e8res ont \u00e9t\u00e9 enlev\u00e9es.<\/p>\n<p>Un homme qui a fourni \u00e0 Amnesty International une liste sur laquelle figuraient les noms de 45 de ses proches, uniquement des femmes et des enfants, a indiqu\u00e9: <em>\u00ab\u00a0On a des nouvelles de certains d&rsquo;entre eux, mais les autres ont disparu et on ne sait pas s&rsquo;ils sont morts ou vivants ni ce qui leur est arriv\u00e9.\u00a0\u00bb<\/em><\/p>\n<p><em>\u00ab\u00a0Au lieu d&rsquo;envenimer la situation en feignant de ne pas remarquer les milices confessionnelles ou en armant les milices chiites contre l&rsquo;\u00c9tat islamique, comme l&rsquo;ont fait les autorit\u00e9s jusqu&rsquo;\u00e0 pr\u00e9sent, le gouvernement irakien devrait se concentrer sur la protection de tous les civils, quelles que soient leur origine ethnique ou leurs convictions religieuses\u00a0\u00bb.<\/em> <strong>Donatella Rovera<\/strong><\/p>\n<p>La population du nord de l&rsquo;Irak m\u00e9rite de vivre libre de toute pers\u00e9cution sans avoir \u00e0 craindre sans arr\u00eat pour sa vie. Les donneurs d&rsquo;ordre, les ex\u00e9cutants et les complices de ces crimes de guerre doivent \u00eatre appr\u00e9hend\u00e9s et traduits en justice.<\/p>\n<p>Depuis qu&rsquo;ils ont pris le contr\u00f4le de Mossoul, le 10 juin, les activistes de l&rsquo;EI ont aussi syst\u00e9matiquement d\u00e9truit ou endommag\u00e9 des lieux de culte autres que ceux de l&rsquo;islam sunnite, y compris des mosqu\u00e9es et des temples chiites.<\/p>\n<h3 style=\"text-align:center;\"><u><a href=\"http:\/\/www.amnesty.org\/en\/library\/asset\/MDE14\/011\/2014\/en\/63f30ccd-eedb-43f6-bb5b-1032f813307b\/mde140112014en.pdf\" title=\"Ethnic cleansing on historic scale: the Islamic State\u2019s systematic targeting of minorities in northern Iraq\" target=\"_blank\">LIRE\/T\u00c9L\u00c9CHARGER LE RAPPORT<\/a><\/u><\/h3>\n<\/blockquote>\n<p>&nbsp;<\/p>\n","protected":false},"excerpt":{"rendered":"<p>Voici un rapport d&rsquo;Amnesty International sur le nettoyage \u00e9thnique en Irak (voir l&rsquo;original ici): Irak: un nettoyage ethnique est en cours Des \u00e9l\u00e9ments r\u00e9cemment d\u00e9couverts par Amnesty International indiquent que des membres du groupe arm\u00e9 qui se fait appeler \u00c9tat islamique (EI) ont lanc\u00e9 une campagne syst\u00e9matique de nettoyage ethnique dans le nord de l&rsquo;Irak, [&hellip;]<\/p>\n","protected":false},"author":1,"featured_media":0,"comment_status":"open","ping_status":"open","sticky":false,"template":"","format":"standard","meta":{"_jetpack_newsletter_access":""},"categories":[56],"tags":[101,133,57],"jetpack_featured_media_url":"","jetpack_sharing_enabled":true,"jetpack_likes_enabled":true,"_links":{"self":[{"href":"http:\/\/culturedelapaix.org\/blogs\/Rennes\/wp-json\/wp\/v2\/posts\/5754"}],"collection":[{"href":"http:\/\/culturedelapaix.org\/blogs\/Rennes\/wp-json\/wp\/v2\/posts"}],"about":[{"href":"http:\/\/culturedelapaix.org\/blogs\/Rennes\/wp-json\/wp\/v2\/types\/post"}],"author":[{"embeddable":true,"href":"http:\/\/culturedelapaix.org\/blogs\/Rennes\/wp-json\/wp\/v2\/users\/1"}],"replies":[{"embeddable":true,"href":"http:\/\/culturedelapaix.org\/blogs\/Rennes\/wp-json\/wp\/v2\/comments?post=5754"}],"version-history":[{"count":10,"href":"http:\/\/culturedelapaix.org\/blogs\/Rennes\/wp-json\/wp\/v2\/posts\/5754\/revisions"}],"predecessor-version":[{"id":5766,"href":"http:\/\/culturedelapaix.org\/blogs\/Rennes\/wp-json\/wp\/v2\/posts\/5754\/revisions\/5766"}],"wp:attachment":[{"href":"http:\/\/culturedelapaix.org\/blogs\/Rennes\/wp-json\/wp\/v2\/media?parent=5754"}],"wp:term":[{"taxonomy":"category","embeddable":true,"href":"http:\/\/culturedelapaix.org\/blogs\/Rennes\/wp-json\/wp\/v2\/categories?post=5754"},{"taxonomy":"post_tag","embeddable":true,"href":"http:\/\/culturedelapaix.org\/blogs\/Rennes\/wp-json\/wp\/v2\/tags?post=5754"}],"curies":[{"name":"wp","href":"https:\/\/api.w.org\/{rel}","templated":true}]}}