{"id":5665,"date":"2014-08-01T19:15:52","date_gmt":"2014-08-01T17:15:52","guid":{"rendered":"http:\/\/culturedelapaix.org\/blogs\/Rennes\/?p=5665"},"modified":"2014-08-17T22:41:13","modified_gmt":"2014-08-17T20:41:13","slug":"ouest-france-soutien-a-gaza-250-manifestants","status":"publish","type":"post","link":"http:\/\/culturedelapaix.org\/blogs\/Rennes\/2014\/08\/01\/ouest-france-soutien-a-gaza-250-manifestants\/","title":{"rendered":"Ouest France: Soutien \u00e0 Gaza, 250 manifestants"},"content":{"rendered":"<p><img decoding=\"async\" loading=\"lazy\" src=\"http:\/\/culturedelapaix.org\/blogs\/festivalpaix\/wp-content\/uploads\/ouestfrancelogo-169x52.png\" alt=\"Ouest France\" width=\"169\" height=\"52\" class=\"alignleft size-full wp-image-85\" \/>Publi\u00e9 dans Ouest France le 31 juillet 2014: <a href=\"http:\/\/www.ouest-france.fr\/soutien-gaza-250-manifestants-2735993\" title=\"Ouest France - Soutien \u00e0 Gaza: 250 manifestants\" target=\"_blank\">\u00ab\u00a0Soutien \u00e0 Gaza: 250 manifestants\u00a0\u00bb.<\/a><\/p>\n<p>&nbsp;<\/p>\n<blockquote>\n<h2>Soutien \u00e0 Gaza: 250 manifestants<\/h2>\n<p>Marie MERDRIGNAC.<\/p>\n<div id=\"attachment_5667\" style=\"width: 570px\" class=\"wp-caption aligncenter\"><img aria-describedby=\"caption-attachment-5667\" data-attachment-id=\"5667\" data-permalink=\"http:\/\/culturedelapaix.org\/blogs\/Rennes\/2014\/08\/01\/ouest-france-soutien-a-gaza-250-manifestants\/140801-of-manif\/\" data-orig-file=\"http:\/\/culturedelapaix.org\/blogs\/Rennes\/wp-content\/uploads\/140801-of-manif.jpg\" data-orig-size=\"560,315\" data-comments-opened=\"1\" data-image-meta=\"{&quot;aperture&quot;:&quot;0&quot;,&quot;credit&quot;:&quot;&quot;,&quot;camera&quot;:&quot;&quot;,&quot;caption&quot;:&quot;&quot;,&quot;created_timestamp&quot;:&quot;0&quot;,&quot;copyright&quot;:&quot;&quot;,&quot;focal_length&quot;:&quot;0&quot;,&quot;iso&quot;:&quot;0&quot;,&quot;shutter_speed&quot;:&quot;0&quot;,&quot;title&quot;:&quot;&quot;}\" data-image-title=\"Manifestation \u00e0 Rennes le 31 juillet 2014\" data-image-description=\"&lt;p&gt;Manifestation \u00e0 Rennes le 31 juillet 2014&lt;\/p&gt;\n\" data-image-caption=\"&lt;p&gt;Le cort\u00e8ge a rassembl\u00e9 250 personnes qui ont converg\u00e9 de la place de l&amp;rsquo;Europe, \u00e0 Maurepas, jusqu&amp;rsquo;\u00e0 la place de l&amp;rsquo;H\u00f4tel-de-Ville.&lt;\/p&gt;\n\" data-medium-file=\"http:\/\/culturedelapaix.org\/blogs\/Rennes\/wp-content\/uploads\/140801-of-manif-300x168.jpg\" data-large-file=\"http:\/\/culturedelapaix.org\/blogs\/Rennes\/wp-content\/uploads\/140801-of-manif.jpg\" decoding=\"async\" loading=\"lazy\" src=\"http:\/\/culturedelapaix.org\/blogs\/Rennes\/wp-content\/uploads\/140801-of-manif.jpg\" alt=\"Manifestation \u00e0 Rennes le 31 juillet 2014\" width=\"560\" height=\"315\" class=\"size-full wp-image-5667\" srcset=\"http:\/\/culturedelapaix.org\/blogs\/Rennes\/wp-content\/uploads\/140801-of-manif.jpg 560w, http:\/\/culturedelapaix.org\/blogs\/Rennes\/wp-content\/uploads\/140801-of-manif-300x168.jpg 300w\" sizes=\"(max-width: 560px) 100vw, 560px\" \/><p id=\"caption-attachment-5667\" class=\"wp-caption-text\">Le cort\u00e8ge a rassembl\u00e9 250 personnes qui ont converg\u00e9 de la place de l&rsquo;Europe, \u00e0 Maurepas, jusqu&rsquo;\u00e0 la place de l&rsquo;H\u00f4tel-de-Ville.<\/p><\/div>\n<p><strong>La sixi\u00e8me manifestation rennaise a regroup\u00e9 250 personnes. Un nouveau rassemblement est pr\u00e9vu samedi.<\/strong><\/p>\n<p>Hier soir, \u00e0 18h, 250 personnes se sont r\u00e9unies sur la place de l&rsquo;Europe. Cette fois-ci, pour la sixi\u00e8me manifestation organis\u00e9e par le Comit\u00e9 rennais pour une paix juste et durable entre Isra\u00e9liens et Palestiniens, le cort\u00e8ge est parti du quartier de Maurepas. Les participants ont exprim\u00e9 leur soutien au peuple de Gaza et leur opposition \u00e0 la guerre en Palestine.<\/p>\n<p>Sur les march\u00e9s<\/p>\n<p>Avant le d\u00e9part, plusieurs prises de paroles ont rappel\u00e9, qu&rsquo;au 22e jour de bombardements sur Gaza, le bilan est lourd, avec plus de 1 200 victimes dont de tr\u00e8s nombreux civils. <strong>\u00ab\u00a0Il faut arr\u00eater le carnage,<\/strong> a martel\u00e9 Daniel L\u00e9vyne, repr\u00e9sentant de l&rsquo;Union juive fran\u00e7aise pour la paix. <strong>La communaut\u00e9 internationale a le pouvoir d&rsquo;arr\u00eater le bras criminel d&rsquo;Isra\u00ebl et c&rsquo;est scandaleux qu&rsquo;elle ne le fasse pas. Elle pourra \u00eatre accus\u00e9e de non-assistance \u00e0 peuple en danger, voire de crime de guerre et de crime contre l&rsquo;humanit\u00e9.\u00a0\u00bb<\/strong><\/p>\n<p>Les participants \u00e9taient un peu moins nombreux que lors des derniers rassemblements, mais les organisateurs sont satisfaits. <strong>\u00ab\u00a0Cela repr\u00e9sente une belle unit\u00e9. Le Comit\u00e9 catholique contre la faim et pour le d\u00e9veloppement (CCFD) a rejoint la longue liste de comit\u00e9s soutenant la manifestation, ce qui prouve l&rsquo;\u00e9largissement certain de notre mouvement\u00a0\u00bb<\/strong>, a d\u00e9clar\u00e9 Roland Nivet, du Mouvement de la paix.<\/p>\n<p>\u00c0 l&rsquo;arriv\u00e9e du cort\u00e8ge place de l&rsquo;H\u00f4tel-de-Ville, \u00e0 19h40, les organisateurs ont annonc\u00e9 deux nouvelles actions. Ils seront pr\u00e9sents, samedi matin, sur les march\u00e9s du Blosne et des Lices afin de faire signer une p\u00e9tition exigeant l&rsquo;intervention de la communaut\u00e9 internationale pour mettre fin au conflit \u00e0 Gaza.<\/p>\n<p>Un nouveau rassemblement est \u00e9galement pr\u00e9vu samedi, \u00e0 15h30, place de l&rsquo;H\u00f4tel-de-Ville. <strong>\u00ab\u00a0Il pourra se transformer en manifestation si les participants sont assez nombreux\u00a0\u00bb<\/strong>, ont indiqu\u00e9 les organisateurs.<\/p>\n<\/blockquote>\n<p>&nbsp;<\/p>\n","protected":false},"excerpt":{"rendered":"<p>Publi\u00e9 dans Ouest France le 31 juillet 2014: \u00ab\u00a0Soutien \u00e0 Gaza: 250 manifestants\u00a0\u00bb. &nbsp; Soutien \u00e0 Gaza: 250 manifestants Marie MERDRIGNAC. La sixi\u00e8me manifestation rennaise a regroup\u00e9 250 personnes. Un nouveau rassemblement est pr\u00e9vu samedi. Hier soir, \u00e0 18h, 250 personnes se sont r\u00e9unies sur la place de l&rsquo;Europe. Cette fois-ci, pour la sixi\u00e8me manifestation [&hellip;]<\/p>\n","protected":false},"author":1,"featured_media":0,"comment_status":"open","ping_status":"open","sticky":false,"template":"","format":"standard","meta":{"_jetpack_newsletter_access":""},"categories":[1],"tags":[],"jetpack_featured_media_url":"","jetpack_sharing_enabled":true,"jetpack_likes_enabled":true,"_links":{"self":[{"href":"http:\/\/culturedelapaix.org\/blogs\/Rennes\/wp-json\/wp\/v2\/posts\/5665"}],"collection":[{"href":"http:\/\/culturedelapaix.org\/blogs\/Rennes\/wp-json\/wp\/v2\/posts"}],"about":[{"href":"http:\/\/culturedelapaix.org\/blogs\/Rennes\/wp-json\/wp\/v2\/types\/post"}],"author":[{"embeddable":true,"href":"http:\/\/culturedelapaix.org\/blogs\/Rennes\/wp-json\/wp\/v2\/users\/1"}],"replies":[{"embeddable":true,"href":"http:\/\/culturedelapaix.org\/blogs\/Rennes\/wp-json\/wp\/v2\/comments?post=5665"}],"version-history":[{"count":2,"href":"http:\/\/culturedelapaix.org\/blogs\/Rennes\/wp-json\/wp\/v2\/posts\/5665\/revisions"}],"predecessor-version":[{"id":5668,"href":"http:\/\/culturedelapaix.org\/blogs\/Rennes\/wp-json\/wp\/v2\/posts\/5665\/revisions\/5668"}],"wp:attachment":[{"href":"http:\/\/culturedelapaix.org\/blogs\/Rennes\/wp-json\/wp\/v2\/media?parent=5665"}],"wp:term":[{"taxonomy":"category","embeddable":true,"href":"http:\/\/culturedelapaix.org\/blogs\/Rennes\/wp-json\/wp\/v2\/categories?post=5665"},{"taxonomy":"post_tag","embeddable":true,"href":"http:\/\/culturedelapaix.org\/blogs\/Rennes\/wp-json\/wp\/v2\/tags?post=5665"}],"curies":[{"name":"wp","href":"https:\/\/api.w.org\/{rel}","templated":true}]}}