{"id":526,"date":"2012-03-28T11:50:31","date_gmt":"2012-03-28T09:50:31","guid":{"rendered":"http:\/\/culturedelapaix.org\/?p=526"},"modified":"2012-03-28T11:50:31","modified_gmt":"2012-03-28T09:50:31","slug":"signez-lappel-pour-un-traite-de-paix-et-damitie-entre-la-france-et-lalgerie","status":"publish","type":"post","link":"http:\/\/culturedelapaix.org\/blogs\/Rennes\/2012\/03\/28\/signez-lappel-pour-un-traite-de-paix-et-damitie-entre-la-france-et-lalgerie\/","title":{"rendered":"Signez l&rsquo;appel pour un trait\u00e9 de paix et d&rsquo;amiti\u00e9 entre la France et l&rsquo;Alg\u00e9rie"},"content":{"rendered":"<p><img decoding=\"async\" loading=\"lazy\" alt=\"\" src=\"http:\/\/culturedelapaix.org\/img-blog\/algeriefrance-300x311.jpg\" title=\"Trait\u00e9 de Paix Alg\u00e9rie-France\" class=\"alignnone\" width=\"300\" height=\"311\" \/><\/p>\n<h1>Pour un trait\u00e9 de paix et d\u2019amiti\u00e9 entre la France et l\u2019Alg\u00e9rie<\/h1>\n<p>\u00c0 l&rsquo;occasion du 50\u00e8me anniversaire de la fin de la guerre d&rsquo;Alg\u00e9rie, le r\u00e9seau Paix et d\u00e9veloppement Alg\u00e9rien et le Mouvement de la Paix fran\u00e7ais demandent \u00e0 leurs gouvernements respectifs d\u2019engager des pourparlers et de conclure enfin et dans les meilleurs d\u00e9lais un trait\u00e9 de paix et d&rsquo;amiti\u00e9 entre la France et l&rsquo;Alg\u00e9rie.<\/p>\n<p>Ensemble ils demandent \u00e0 leurs concitoyens et concitoyennes dans chacun des deux pays de soutenir leur d\u00e9marche en signant <em>l&rsquo;Appel pour un trait\u00e9 de paix et d\u2019amiti\u00e9 entre la France et l\u2019Alg\u00e9rie<\/em> que chaque citoyen mais aussi toutes les organisations qui le souhaitent peuvent signer en allant sur l&rsquo;un des sites web suivants:<\/p>\n<li><a href=\"http:\/\/www.mvtpaix.org\/petitions\/petitions.php\" title=\"P\u00e9titions du Mouvement de la Paix\" target=\"_blank\">site nationale du Mouvement de la Paix<\/a><\/li>\n<li><a href=\"http:\/\/www.lapetition.be\/petition.php?petid=11182\" title=\"la p\u00e9tition online\" target=\"_blank\">la p\u00e9tition en ligne<\/a><\/li>\n<p>&nbsp;<\/p>\n<p><span style=\"font-weight:bold\">Pour plus d&rsquo;informations voici le texte de l&rsquo;appel:<\/span><\/p>\n<p><span style=\"font-style:italic\">Le Mouvement de la Paix<br \/>\nParis, le 15 mars 2012<\/span><\/p>\n<p><span style=\"font-weight:bold\">Appel pour un trait\u00e9 de paix et d\u2019amiti\u00e9 entre la France et l\u2019Alg\u00e9rie<\/span><\/p>\n<p>\u00ab\u00a0\u00c0 l&rsquo;occasion du 50\u00e8me anniversaire de la fin de la guerre d&rsquo;Alg\u00e9rie, les personnes et Mouvements ci-apr\u00e8s, d\u2019Alg\u00e9rie et de France demandent \u00e0 leurs gouvernements respectifs d\u2019engager des pourparlers et de conclure enfin et dans les meilleurs d\u00e9lais un trait\u00e9 de paix et d&rsquo;amiti\u00e9 entre la France et l&rsquo;Alg\u00e9rie.<\/p>\n<p>Ce trait\u00e9 devrait \u00e0 notre avis \u00eatre bas\u00e9 sur: l&rsquo;\u00e9galit\u00e9 des deux nations, le respect de leurs histoires respectives, la reconnaissance des crimes du colonialisme, la libre circulation des individus entre nos deux pays et la non-ing\u00e9rence dans les affaires int\u00e9rieures de chacun des deux pays.<\/p>\n<p>50 ans apr\u00e8s la signature des accords d\u2019Evian (\u00e9tablissant l\u2019arr\u00eat des combats et le cessez-le feu) approuv\u00e9s par les peuples alg\u00e9rien et fran\u00e7ais, un tel trait\u00e9 devient n\u00e9cessaire pour ouvrir une nouvelle \u00e8re de partenariat, de coop\u00e9ration et d\u2019\u00e9changes entre les deux Etats et entre les deux peuples.<\/p>\n<p>Il serait un acte concret d\u2019une grande port\u00e9e, car un tel partenariat entre la France et l&rsquo;Alg\u00e9rie pourrait contribuer de mani\u00e8re d\u00e9cisive \u00e0 la construction de la paix dans l&rsquo;espace euro-m\u00e9diterran\u00e9en et plus largement euro-africain.\u00a0\u00bb<\/p>\n<p>&nbsp;<\/p>\n","protected":false},"excerpt":{"rendered":"<p>Pour un trait\u00e9 de paix et d\u2019amiti\u00e9 entre la France et l\u2019Alg\u00e9rie \u00c0 l&rsquo;occasion du 50\u00e8me anniversaire de la fin de la guerre d&rsquo;Alg\u00e9rie, le r\u00e9seau Paix et d\u00e9veloppement Alg\u00e9rien et le Mouvement de la Paix fran\u00e7ais demandent \u00e0 leurs gouvernements respectifs d\u2019engager des pourparlers et de conclure enfin et dans les meilleurs d\u00e9lais un [&hellip;]<\/p>\n","protected":false},"author":1,"featured_media":0,"comment_status":"open","ping_status":"open","sticky":false,"template":"","format":"standard","meta":{"_jetpack_newsletter_access":""},"categories":[55,33],"tags":[54,29,11,42,148],"jetpack_featured_media_url":"","jetpack_sharing_enabled":true,"jetpack_likes_enabled":true,"_links":{"self":[{"href":"http:\/\/culturedelapaix.org\/blogs\/Rennes\/wp-json\/wp\/v2\/posts\/526"}],"collection":[{"href":"http:\/\/culturedelapaix.org\/blogs\/Rennes\/wp-json\/wp\/v2\/posts"}],"about":[{"href":"http:\/\/culturedelapaix.org\/blogs\/Rennes\/wp-json\/wp\/v2\/types\/post"}],"author":[{"embeddable":true,"href":"http:\/\/culturedelapaix.org\/blogs\/Rennes\/wp-json\/wp\/v2\/users\/1"}],"replies":[{"embeddable":true,"href":"http:\/\/culturedelapaix.org\/blogs\/Rennes\/wp-json\/wp\/v2\/comments?post=526"}],"version-history":[{"count":0,"href":"http:\/\/culturedelapaix.org\/blogs\/Rennes\/wp-json\/wp\/v2\/posts\/526\/revisions"}],"wp:attachment":[{"href":"http:\/\/culturedelapaix.org\/blogs\/Rennes\/wp-json\/wp\/v2\/media?parent=526"}],"wp:term":[{"taxonomy":"category","embeddable":true,"href":"http:\/\/culturedelapaix.org\/blogs\/Rennes\/wp-json\/wp\/v2\/categories?post=526"},{"taxonomy":"post_tag","embeddable":true,"href":"http:\/\/culturedelapaix.org\/blogs\/Rennes\/wp-json\/wp\/v2\/tags?post=526"}],"curies":[{"name":"wp","href":"https:\/\/api.w.org\/{rel}","templated":true}]}}