{"id":5258,"date":"2014-07-20T11:16:57","date_gmt":"2014-07-20T09:16:57","guid":{"rendered":"http:\/\/culturedelapaix.org\/blogs\/Rennes\/?p=5258"},"modified":"2014-07-20T11:16:57","modified_gmt":"2014-07-20T09:16:57","slug":"600-manifestants-a-rennes-samedi-pour-larret-des-bombardements-sur-gaza","status":"publish","type":"post","link":"http:\/\/culturedelapaix.org\/blogs\/Rennes\/2014\/07\/20\/600-manifestants-a-rennes-samedi-pour-larret-des-bombardements-sur-gaza\/","title":{"rendered":"600 manifestants \u00e0 Rennes samedi pour l&rsquo;arret des bombardements sur Gaza"},"content":{"rendered":"<p><img data-attachment-id=\"5265\" data-permalink=\"http:\/\/culturedelapaix.org\/blogs\/Rennes\/2014\/07\/20\/600-manifestants-a-rennes-samedi-pour-larret-des-bombardements-sur-gaza\/140719-banderole\/\" data-orig-file=\"http:\/\/culturedelapaix.org\/blogs\/Rennes\/wp-content\/uploads\/140719-banderole.jpg\" data-orig-size=\"650,365\" data-comments-opened=\"1\" data-image-meta=\"{&quot;aperture&quot;:&quot;0&quot;,&quot;credit&quot;:&quot;&quot;,&quot;camera&quot;:&quot;&quot;,&quot;caption&quot;:&quot;&quot;,&quot;created_timestamp&quot;:&quot;0&quot;,&quot;copyright&quot;:&quot;&quot;,&quot;focal_length&quot;:&quot;0&quot;,&quot;iso&quot;:&quot;0&quot;,&quot;shutter_speed&quot;:&quot;0&quot;,&quot;title&quot;:&quot;&quot;}\" data-image-title=\"pour une paix juste et durable au Proche-Orient, application du droit international\" data-image-description=\"&lt;p&gt;pour une paix juste et durable au Proche-Orient, application du droit international&lt;\/p&gt;\n\" data-image-caption=\"\" data-medium-file=\"http:\/\/culturedelapaix.org\/blogs\/Rennes\/wp-content\/uploads\/140719-banderole-300x168.jpg\" data-large-file=\"http:\/\/culturedelapaix.org\/blogs\/Rennes\/wp-content\/uploads\/140719-banderole.jpg\" decoding=\"async\" loading=\"lazy\" src=\"http:\/\/culturedelapaix.org\/blogs\/Rennes\/wp-content\/uploads\/140719-banderole.jpg\" alt=\"pour une paix juste et durable au Proche-Orient, application du droit international\" width=\"650\" height=\"365\" class=\"alignnone size-full wp-image-5265\" srcset=\"http:\/\/culturedelapaix.org\/blogs\/Rennes\/wp-content\/uploads\/140719-banderole.jpg 650w, http:\/\/culturedelapaix.org\/blogs\/Rennes\/wp-content\/uploads\/140719-banderole-300x168.jpg 300w\" sizes=\"(max-width: 650px) 100vw, 650px\" \/><\/p>\n<p><img data-attachment-id=\"5263\" data-permalink=\"http:\/\/culturedelapaix.org\/blogs\/Rennes\/2014\/07\/20\/600-manifestants-a-rennes-samedi-pour-larret-des-bombardements-sur-gaza\/140719-paix\/\" data-orig-file=\"http:\/\/culturedelapaix.org\/blogs\/Rennes\/wp-content\/uploads\/140719-paix.jpg\" data-orig-size=\"306,386\" data-comments-opened=\"1\" data-image-meta=\"{&quot;aperture&quot;:&quot;0&quot;,&quot;credit&quot;:&quot;&quot;,&quot;camera&quot;:&quot;&quot;,&quot;caption&quot;:&quot;&quot;,&quot;created_timestamp&quot;:&quot;0&quot;,&quot;copyright&quot;:&quot;&quot;,&quot;focal_length&quot;:&quot;0&quot;,&quot;iso&quot;:&quot;0&quot;,&quot;shutter_speed&quot;:&quot;0&quot;,&quot;title&quot;:&quot;&quot;}\" data-image-title=\"solidarit\u00e9 avec la population de Gaza\" data-image-description=\"&lt;p&gt;solidarit\u00e9 avec la population de Gaza&lt;\/p&gt;\n\" data-image-caption=\"\" data-medium-file=\"http:\/\/culturedelapaix.org\/blogs\/Rennes\/wp-content\/uploads\/140719-paix-237x300.jpg\" data-large-file=\"http:\/\/culturedelapaix.org\/blogs\/Rennes\/wp-content\/uploads\/140719-paix.jpg\" decoding=\"async\" loading=\"lazy\" src=\"http:\/\/culturedelapaix.org\/blogs\/Rennes\/wp-content\/uploads\/140719-paix.jpg\" alt=\"solidarit\u00e9 avec la population de Gaza\" width=\"306\" height=\"386\" class=\"alignright size-full wp-image-5263\" srcset=\"http:\/\/culturedelapaix.org\/blogs\/Rennes\/wp-content\/uploads\/140719-paix.jpg 306w, http:\/\/culturedelapaix.org\/blogs\/Rennes\/wp-content\/uploads\/140719-paix-237x300.jpg 237w\" sizes=\"(max-width: 306px) 100vw, 306px\" \/>Nouveau rassemblement et nouvelle manif \u00e0 Rennes. Plus de monde que mercredi dernier.<\/p>\n<p>Dan un premier temps furent lus dans le silence les noms de toutes les personnes mortes \u00e0 Gaza.<\/p>\n<p>Avant le d\u00e9but de la manif l&rsquo;AFPS (<a href=\"http:\/\/www.france-palestine.org\/\" title=\"Association France Palestine Solidarit\u00e9\" target=\"_blank\">l&rsquo;Association France Palestine Solidarit\u00e9<\/a>)par la voix de Jo\u00eblle a pris la parole pour dire notre solidarit\u00e9 avec la population de Gaza, demander l\u2019arr\u00eat des bombardements, faire un point politique et rappeler \u00e0 quel point Isra\u00ebl en toute impunit\u00e9 viole le droit international, mais aussi pour d\u00e9noncer l&rsquo;interdiction de la manif de samedi \u00e0 Paris.<\/p>\n<p>L&rsquo;UJFP (<a href=\"http:\/\/www.ujfp.org\/\" title=\"L'Union Juive Fran\u00e7aise pour la Paix\" target=\"_blank\">l&rsquo;Union Juive Fran\u00e7aise pour la Paix<\/a>) s&rsquo;est ensuite exprim\u00e9.<\/p>\n<p>Puis <a href=\"http:\/\/culturedelapaix.org\/\" title=\"le Mouvement de la Paix, Bretagne et Grand Ouest\" target=\"_blank\">le Mouvement de la Paix<\/a> exprime sa solidarit\u00e9 avec la population de Gaza et insiste sur le fait qu&rsquo;il est possible de rassembler plus d&rsquo;organisations rennaises. Nous insistons sur le fait que chacun des manifestants peut contribuer \u00e0 \u00e9largir ce rassemblement. Nous proposons de reprendre le dispositif arr\u00e8t\u00e9 \u00e0 Paris, et donc de riposter \u00e0 l&rsquo;interdiction de la manif d&rsquo;aujourd&rsquo;hui sur Paris en organisant une nouvelle manifestation mercredi \u00e0 18h00 avec comme point de rendez vous le m\u00e9tro Le Blosne.<\/p>\n<p>Le Mouvement de la paix avait d\u00e9ploy\u00e9 la banderole portant le texte <strong>\u00ab\u00a0pour une paix juste et durable au Proche-Orient, <span style=\"color:#0000FF;\">application du droit international.\u00a0\u00bb<\/span><\/strong><\/p>\n<p>A la fin de la Manif cette proposition fut valid\u00e9 par applaudissements.<\/p>\n<p>La manif fut tr\u00e8s dynamique, revendicative et solidaire.<\/p>\n<h3><span style=\"color:#0000FF;\">Prochaine manif le mercredi 23 juillet \u00e0 18H &#8211; m\u00e9tro Le Blosne &#8211; Place de Zagreb<\/span><\/h3>\n<p><img data-attachment-id=\"5267\" data-permalink=\"http:\/\/culturedelapaix.org\/blogs\/Rennes\/2014\/07\/20\/600-manifestants-a-rennes-samedi-pour-larret-des-bombardements-sur-gaza\/140719-manif\/\" data-orig-file=\"http:\/\/culturedelapaix.org\/blogs\/Rennes\/wp-content\/uploads\/140719-manif.jpg\" data-orig-size=\"650,366\" data-comments-opened=\"1\" data-image-meta=\"{&quot;aperture&quot;:&quot;0&quot;,&quot;credit&quot;:&quot;&quot;,&quot;camera&quot;:&quot;&quot;,&quot;caption&quot;:&quot;&quot;,&quot;created_timestamp&quot;:&quot;0&quot;,&quot;copyright&quot;:&quot;&quot;,&quot;focal_length&quot;:&quot;0&quot;,&quot;iso&quot;:&quot;0&quot;,&quot;shutter_speed&quot;:&quot;0&quot;,&quot;title&quot;:&quot;&quot;}\" data-image-title=\"19 juillet 2014 Rennes\" data-image-description=\"&lt;p&gt;19 juillet 2014 Rennes&lt;\/p&gt;\n\" data-image-caption=\"\" data-medium-file=\"http:\/\/culturedelapaix.org\/blogs\/Rennes\/wp-content\/uploads\/140719-manif-300x168.jpg\" data-large-file=\"http:\/\/culturedelapaix.org\/blogs\/Rennes\/wp-content\/uploads\/140719-manif.jpg\" decoding=\"async\" loading=\"lazy\" src=\"http:\/\/culturedelapaix.org\/blogs\/Rennes\/wp-content\/uploads\/140719-manif.jpg\" alt=\"19 juillet 2014 Rennes\" width=\"650\" height=\"366\" class=\"alignnone size-full wp-image-5267\" srcset=\"http:\/\/culturedelapaix.org\/blogs\/Rennes\/wp-content\/uploads\/140719-manif.jpg 650w, http:\/\/culturedelapaix.org\/blogs\/Rennes\/wp-content\/uploads\/140719-manif-300x168.jpg 300w\" sizes=\"(max-width: 650px) 100vw, 650px\" \/><br \/>\n<img data-attachment-id=\"5266\" data-permalink=\"http:\/\/culturedelapaix.org\/blogs\/Rennes\/2014\/07\/20\/600-manifestants-a-rennes-samedi-pour-larret-des-bombardements-sur-gaza\/140719-mairie\/\" data-orig-file=\"http:\/\/culturedelapaix.org\/blogs\/Rennes\/wp-content\/uploads\/140719-mairie.jpg\" data-orig-size=\"650,365\" data-comments-opened=\"1\" data-image-meta=\"{&quot;aperture&quot;:&quot;0&quot;,&quot;credit&quot;:&quot;&quot;,&quot;camera&quot;:&quot;&quot;,&quot;caption&quot;:&quot;&quot;,&quot;created_timestamp&quot;:&quot;0&quot;,&quot;copyright&quot;:&quot;&quot;,&quot;focal_length&quot;:&quot;0&quot;,&quot;iso&quot;:&quot;0&quot;,&quot;shutter_speed&quot;:&quot;0&quot;,&quot;title&quot;:&quot;&quot;}\" data-image-title=\"Manifestation place de la mairie, Rennes\" data-image-description=\"&lt;p&gt;Manifestation place de la mairie, Rennes&lt;\/p&gt;\n\" data-image-caption=\"\" data-medium-file=\"http:\/\/culturedelapaix.org\/blogs\/Rennes\/wp-content\/uploads\/140719-mairie-300x168.jpg\" data-large-file=\"http:\/\/culturedelapaix.org\/blogs\/Rennes\/wp-content\/uploads\/140719-mairie.jpg\" decoding=\"async\" loading=\"lazy\" src=\"http:\/\/culturedelapaix.org\/blogs\/Rennes\/wp-content\/uploads\/140719-mairie.jpg\" alt=\"Manifestation place de la mairie, Rennes\" width=\"650\" height=\"365\" class=\"alignnone size-full wp-image-5266\" srcset=\"http:\/\/culturedelapaix.org\/blogs\/Rennes\/wp-content\/uploads\/140719-mairie.jpg 650w, http:\/\/culturedelapaix.org\/blogs\/Rennes\/wp-content\/uploads\/140719-mairie-300x168.jpg 300w\" sizes=\"(max-width: 650px) 100vw, 650px\" \/><\/p>\n<p>&nbsp;<\/p>\n","protected":false},"excerpt":{"rendered":"<p>Nouveau rassemblement et nouvelle manif \u00e0 Rennes. Plus de monde que mercredi dernier. Dan un premier temps furent lus dans le silence les noms de toutes les personnes mortes \u00e0 Gaza. Avant le d\u00e9but de la manif l&rsquo;AFPS (l&rsquo;Association France Palestine Solidarit\u00e9)par la voix de Jo\u00eblle a pris la parole pour dire notre solidarit\u00e9 avec [&hellip;]<\/p>\n","protected":false},"author":1,"featured_media":0,"comment_status":"open","ping_status":"open","sticky":false,"template":"","format":"standard","meta":{"_jetpack_newsletter_access":""},"categories":[15],"tags":[29,101,118,14,9,10,11,95,96,17,18,12],"jetpack_featured_media_url":"","jetpack_sharing_enabled":true,"jetpack_likes_enabled":true,"_links":{"self":[{"href":"http:\/\/culturedelapaix.org\/blogs\/Rennes\/wp-json\/wp\/v2\/posts\/5258"}],"collection":[{"href":"http:\/\/culturedelapaix.org\/blogs\/Rennes\/wp-json\/wp\/v2\/posts"}],"about":[{"href":"http:\/\/culturedelapaix.org\/blogs\/Rennes\/wp-json\/wp\/v2\/types\/post"}],"author":[{"embeddable":true,"href":"http:\/\/culturedelapaix.org\/blogs\/Rennes\/wp-json\/wp\/v2\/users\/1"}],"replies":[{"embeddable":true,"href":"http:\/\/culturedelapaix.org\/blogs\/Rennes\/wp-json\/wp\/v2\/comments?post=5258"}],"version-history":[{"count":7,"href":"http:\/\/culturedelapaix.org\/blogs\/Rennes\/wp-json\/wp\/v2\/posts\/5258\/revisions"}],"predecessor-version":[{"id":5269,"href":"http:\/\/culturedelapaix.org\/blogs\/Rennes\/wp-json\/wp\/v2\/posts\/5258\/revisions\/5269"}],"wp:attachment":[{"href":"http:\/\/culturedelapaix.org\/blogs\/Rennes\/wp-json\/wp\/v2\/media?parent=5258"}],"wp:term":[{"taxonomy":"category","embeddable":true,"href":"http:\/\/culturedelapaix.org\/blogs\/Rennes\/wp-json\/wp\/v2\/categories?post=5258"},{"taxonomy":"post_tag","embeddable":true,"href":"http:\/\/culturedelapaix.org\/blogs\/Rennes\/wp-json\/wp\/v2\/tags?post=5258"}],"curies":[{"name":"wp","href":"https:\/\/api.w.org\/{rel}","templated":true}]}}