{"id":5176,"date":"2014-06-26T22:00:10","date_gmt":"2014-06-26T20:00:10","guid":{"rendered":"http:\/\/culturedelapaix.org\/blogs\/Rennes\/?p=5176"},"modified":"2014-06-27T08:41:35","modified_gmt":"2014-06-27T06:41:35","slug":"uesi-nos-partenaires-de-rdc-et-dalgerie-accueillis-a-paris","status":"publish","type":"post","link":"http:\/\/culturedelapaix.org\/blogs\/Rennes\/2014\/06\/26\/uesi-nos-partenaires-de-rdc-et-dalgerie-accueillis-a-paris\/","title":{"rendered":"UESI: nos partenaires de RDC et d&rsquo;Alg\u00e9rie accueillis \u00e0 Paris"},"content":{"rendered":"<p>Dans le cadre de l&rsquo;<a href=\"http:\/\/culturedelapaix.org\/blogs\/Rennes\/2014\/06\/24\/il-est-toujours-possible-de-sinscrire-a-luniversite-dete-de-la-solidarite-internationale\/\" title=\"L\u2019Universit\u00e9 d\u2019\u00e9t\u00e9 de la solidarit\u00e9 internationale le 3 \u00e0 5 juillet 2014 \u00e0 Rennes\">Universit\u00e9 d&rsquo;\u00e9t\u00e9 de la solidarit\u00e9 internationale<\/a> qui se d\u00e9roule \u00e0 Rennes les 3, 4 et 5 juillet, le Mouvement de la paix a invit\u00e9 plusieurs partenaires internationaux.<\/p>\n<p><div id=\"attachment_5180\" style=\"width: 650px\" class=\"wp-caption alignnone\"><img aria-describedby=\"caption-attachment-5180\" data-attachment-id=\"5180\" data-permalink=\"http:\/\/culturedelapaix.org\/blogs\/Rennes\/2014\/06\/26\/uesi-nos-partenaires-de-rdc-et-dalgerie-accueillis-a-paris\/140627-paris\/\" data-orig-file=\"http:\/\/culturedelapaix.org\/blogs\/Rennes\/wp-content\/uploads\/140627-paris.jpg\" data-orig-size=\"640,355\" data-comments-opened=\"1\" data-image-meta=\"{&quot;aperture&quot;:&quot;0&quot;,&quot;credit&quot;:&quot;&quot;,&quot;camera&quot;:&quot;&quot;,&quot;caption&quot;:&quot;&quot;,&quot;created_timestamp&quot;:&quot;0&quot;,&quot;copyright&quot;:&quot;&quot;,&quot;focal_length&quot;:&quot;0&quot;,&quot;iso&quot;:&quot;0&quot;,&quot;shutter_speed&quot;:&quot;0&quot;,&quot;title&quot;:&quot;&quot;}\" data-image-title=\"Mouvement de la Paix \u00e0 Paris\" data-image-description=\"&lt;p&gt;Mouvement de la Paix \u00e0 Paris&lt;\/p&gt;\n\" data-image-caption=\"&lt;p&gt;Hier les amis parisiens accueillaient \u00e0 Paris nos correspondants en R\u00e9publique D\u00e9mocratique du Congo et en Alg\u00e9rie&lt;\/p&gt;\n\" data-medium-file=\"http:\/\/culturedelapaix.org\/blogs\/Rennes\/wp-content\/uploads\/140627-paris-300x166.jpg\" data-large-file=\"http:\/\/culturedelapaix.org\/blogs\/Rennes\/wp-content\/uploads\/140627-paris.jpg\" decoding=\"async\" loading=\"lazy\" src=\"http:\/\/culturedelapaix.org\/blogs\/Rennes\/wp-content\/uploads\/140627-paris.jpg\" alt=\"Mouvement de la Paix \u00e0 Paris\" width=\"640\" height=\"355\" class=\"size-full wp-image-5180\" srcset=\"http:\/\/culturedelapaix.org\/blogs\/Rennes\/wp-content\/uploads\/140627-paris.jpg 640w, http:\/\/culturedelapaix.org\/blogs\/Rennes\/wp-content\/uploads\/140627-paris-300x166.jpg 300w\" sizes=\"(max-width: 640px) 100vw, 640px\" \/><p id=\"caption-attachment-5180\" class=\"wp-caption-text\">Hier les amis parisiens accueillaient \u00e0 Paris nos correspondants en R\u00e9publique D\u00e9mocratique du Congo et en Alg\u00e9rie<\/p><\/div><br \/>\n<div id=\"attachment_5179\" style=\"width: 650px\" class=\"wp-caption alignnone\"><img aria-describedby=\"caption-attachment-5179\" data-attachment-id=\"5179\" data-permalink=\"http:\/\/culturedelapaix.org\/blogs\/Rennes\/2014\/06\/26\/uesi-nos-partenaires-de-rdc-et-dalgerie-accueillis-a-paris\/140627-bibyshe\/\" data-orig-file=\"http:\/\/culturedelapaix.org\/blogs\/Rennes\/wp-content\/uploads\/140627-bibyshe.jpg\" data-orig-size=\"640,355\" data-comments-opened=\"1\" data-image-meta=\"{&quot;aperture&quot;:&quot;0&quot;,&quot;credit&quot;:&quot;&quot;,&quot;camera&quot;:&quot;&quot;,&quot;caption&quot;:&quot;&quot;,&quot;created_timestamp&quot;:&quot;0&quot;,&quot;copyright&quot;:&quot;&quot;,&quot;focal_length&quot;:&quot;0&quot;,&quot;iso&quot;:&quot;0&quot;,&quot;shutter_speed&quot;:&quot;0&quot;,&quot;title&quot;:&quot;&quot;}\" data-image-title=\"Bibyshe en France\" data-image-description=\"&lt;p&gt;Bibyshe en France&lt;\/p&gt;\n\" data-image-caption=\"&lt;p&gt;Bibyshe \u00e9tait accueillie chez des amis pr\u00e8s de Poissy&lt;\/p&gt;\n\" data-medium-file=\"http:\/\/culturedelapaix.org\/blogs\/Rennes\/wp-content\/uploads\/140627-bibyshe-300x166.jpg\" data-large-file=\"http:\/\/culturedelapaix.org\/blogs\/Rennes\/wp-content\/uploads\/140627-bibyshe.jpg\" decoding=\"async\" loading=\"lazy\" src=\"http:\/\/culturedelapaix.org\/blogs\/Rennes\/wp-content\/uploads\/140627-bibyshe.jpg\" alt=\"Bibyshe en France\" width=\"640\" height=\"355\" class=\"size-full wp-image-5179\" srcset=\"http:\/\/culturedelapaix.org\/blogs\/Rennes\/wp-content\/uploads\/140627-bibyshe.jpg 640w, http:\/\/culturedelapaix.org\/blogs\/Rennes\/wp-content\/uploads\/140627-bibyshe-300x166.jpg 300w\" sizes=\"(max-width: 640px) 100vw, 640px\" \/><p id=\"caption-attachment-5179\" class=\"wp-caption-text\">Bibyshe \u00e9tait accueillie chez des amis pr\u00e8s de Poissy<\/p><\/div><br \/>\n<div id=\"attachment_5178\" style=\"width: 650px\" class=\"wp-caption alignnone\"><img aria-describedby=\"caption-attachment-5178\" data-attachment-id=\"5178\" data-permalink=\"http:\/\/culturedelapaix.org\/blogs\/Rennes\/2014\/06\/26\/uesi-nos-partenaires-de-rdc-et-dalgerie-accueillis-a-paris\/140627-mvtpaix\/\" data-orig-file=\"http:\/\/culturedelapaix.org\/blogs\/Rennes\/wp-content\/uploads\/140627-mvtpaix.jpg\" data-orig-size=\"640,355\" data-comments-opened=\"1\" data-image-meta=\"{&quot;aperture&quot;:&quot;0&quot;,&quot;credit&quot;:&quot;&quot;,&quot;camera&quot;:&quot;&quot;,&quot;caption&quot;:&quot;&quot;,&quot;created_timestamp&quot;:&quot;0&quot;,&quot;copyright&quot;:&quot;&quot;,&quot;focal_length&quot;:&quot;0&quot;,&quot;iso&quot;:&quot;0&quot;,&quot;shutter_speed&quot;:&quot;0&quot;,&quot;title&quot;:&quot;&quot;}\" data-image-title=\"D\u00e9bat \u00e0 la Maison de l&amp;rsquo;Afrique\" data-image-description=\"&lt;p&gt;D\u00e9bat \u00e0 la Maison de l&amp;rsquo;Afrique&lt;\/p&gt;\n\" data-image-caption=\"&lt;p&gt;Tout le monde s&amp;rsquo;est retrouv\u00e9 le soir \u00e0 la Maison de l&amp;rsquo;Afrique pour un d\u00e9bat tr\u00e8s int\u00e9ressant.&lt;\/p&gt;\n\" data-medium-file=\"http:\/\/culturedelapaix.org\/blogs\/Rennes\/wp-content\/uploads\/140627-mvtpaix-300x166.jpg\" data-large-file=\"http:\/\/culturedelapaix.org\/blogs\/Rennes\/wp-content\/uploads\/140627-mvtpaix.jpg\" decoding=\"async\" loading=\"lazy\" src=\"http:\/\/culturedelapaix.org\/blogs\/Rennes\/wp-content\/uploads\/140627-mvtpaix.jpg\" alt=\"D\u00e9bat \u00e0 la Maison de l&#039;Afrique\" width=\"640\" height=\"355\" class=\"size-full wp-image-5178\" srcset=\"http:\/\/culturedelapaix.org\/blogs\/Rennes\/wp-content\/uploads\/140627-mvtpaix.jpg 640w, http:\/\/culturedelapaix.org\/blogs\/Rennes\/wp-content\/uploads\/140627-mvtpaix-300x166.jpg 300w\" sizes=\"(max-width: 640px) 100vw, 640px\" \/><p id=\"caption-attachment-5178\" class=\"wp-caption-text\">Tout le monde s&rsquo;est retrouv\u00e9 le soir \u00e0 la Maison de l&rsquo;Afrique pour un d\u00e9bat tr\u00e8s int\u00e9ressant.<\/p><\/div><\/p>\n<p><strong>Prochaine \u00e9tape: Rennes avec une soir\u00e9e de solidarit\u00e9 internationale le mercredi 2 juillet.<\/strong><\/p>\n<p>&nbsp;<\/p>\n","protected":false},"excerpt":{"rendered":"<p>Dans le cadre de l&rsquo;Universit\u00e9 d&rsquo;\u00e9t\u00e9 de la solidarit\u00e9 internationale qui se d\u00e9roule \u00e0 Rennes les 3, 4 et 5 juillet, le Mouvement de la paix a invit\u00e9 plusieurs partenaires internationaux. Prochaine \u00e9tape: Rennes avec une soir\u00e9e de solidarit\u00e9 internationale le mercredi 2 juillet. &nbsp;<\/p>\n","protected":false},"author":1,"featured_media":0,"comment_status":"open","ping_status":"open","sticky":false,"template":"","format":"standard","meta":{"_jetpack_newsletter_access":""},"categories":[39],"tags":[224,54,26,107,29,41,9,18,12,203],"jetpack_featured_media_url":"","jetpack_sharing_enabled":true,"jetpack_likes_enabled":true,"_links":{"self":[{"href":"http:\/\/culturedelapaix.org\/blogs\/Rennes\/wp-json\/wp\/v2\/posts\/5176"}],"collection":[{"href":"http:\/\/culturedelapaix.org\/blogs\/Rennes\/wp-json\/wp\/v2\/posts"}],"about":[{"href":"http:\/\/culturedelapaix.org\/blogs\/Rennes\/wp-json\/wp\/v2\/types\/post"}],"author":[{"embeddable":true,"href":"http:\/\/culturedelapaix.org\/blogs\/Rennes\/wp-json\/wp\/v2\/users\/1"}],"replies":[{"embeddable":true,"href":"http:\/\/culturedelapaix.org\/blogs\/Rennes\/wp-json\/wp\/v2\/comments?post=5176"}],"version-history":[{"count":4,"href":"http:\/\/culturedelapaix.org\/blogs\/Rennes\/wp-json\/wp\/v2\/posts\/5176\/revisions"}],"predecessor-version":[{"id":5184,"href":"http:\/\/culturedelapaix.org\/blogs\/Rennes\/wp-json\/wp\/v2\/posts\/5176\/revisions\/5184"}],"wp:attachment":[{"href":"http:\/\/culturedelapaix.org\/blogs\/Rennes\/wp-json\/wp\/v2\/media?parent=5176"}],"wp:term":[{"taxonomy":"category","embeddable":true,"href":"http:\/\/culturedelapaix.org\/blogs\/Rennes\/wp-json\/wp\/v2\/categories?post=5176"},{"taxonomy":"post_tag","embeddable":true,"href":"http:\/\/culturedelapaix.org\/blogs\/Rennes\/wp-json\/wp\/v2\/tags?post=5176"}],"curies":[{"name":"wp","href":"https:\/\/api.w.org\/{rel}","templated":true}]}}