{"id":4722,"date":"2014-03-11T13:15:14","date_gmt":"2014-03-11T12:15:14","guid":{"rendered":"http:\/\/culturedelapaix.org\/blogs\/Rennes\/?p=4722"},"modified":"2014-03-11T13:15:14","modified_gmt":"2014-03-11T12:15:14","slug":"succes-total-de-la-projection-du-film-retour-en-algerie-a-larvor-a-rennes","status":"publish","type":"post","link":"http:\/\/culturedelapaix.org\/blogs\/Rennes\/2014\/03\/11\/succes-total-de-la-projection-du-film-retour-en-algerie-a-larvor-a-rennes\/","title":{"rendered":"Succ\u00e8s total de la projection du film \u00ab\u00a0Retour en Alg\u00e9rie\u00a0\u00bb \u00e0 l&rsquo;Arvor \u00e0 Rennes"},"content":{"rendered":"<p>Les horaires \u00e9taient un peu  difficiles puisque le film \u00e9tait programm\u00e9 le samedi matin \u00e0 11:00 et le dimanche matin \u00e0 11:00. Pourtant ces deux projections ont \u00e9t\u00e9 un total succ\u00e8s puisque la salle du cin\u00e9ma Arvor a \u00e9t\u00e9 remplie deux fois. Beaucoup d&rsquo;\u00e9motion de sinc\u00e9rit\u00e9 apr\u00e8s ce film lui aussi tr\u00e8s touchant de v\u00e9rit\u00e9 mais aussi de fraternit\u00e9 retrouv\u00e9e.<\/p>\n<p><img data-attachment-id=\"4723\" data-permalink=\"http:\/\/culturedelapaix.org\/blogs\/Rennes\/2014\/03\/11\/succes-total-de-la-projection-du-film-retour-en-algerie-a-larvor-a-rennes\/140311-arvor\/\" data-orig-file=\"http:\/\/culturedelapaix.org\/blogs\/Rennes\/wp-content\/uploads\/140311-arvor.jpg\" data-orig-size=\"600,338\" data-comments-opened=\"1\" data-image-meta=\"{&quot;aperture&quot;:&quot;0&quot;,&quot;credit&quot;:&quot;&quot;,&quot;camera&quot;:&quot;&quot;,&quot;caption&quot;:&quot;&quot;,&quot;created_timestamp&quot;:&quot;0&quot;,&quot;copyright&quot;:&quot;&quot;,&quot;focal_length&quot;:&quot;0&quot;,&quot;iso&quot;:&quot;0&quot;,&quot;shutter_speed&quot;:&quot;0&quot;,&quot;title&quot;:&quot;&quot;}\" data-image-title=\"\u00ab\u00a0Retour en Alg\u00e9rie\u00a0\u00bb \u00e0 l&amp;rsquo;Arvor mars 2014\" data-image-description=\"&lt;p&gt;\u00ab\u00a0Retour en Alg\u00e9rie\u00a0\u00bb \u00e0 l&amp;rsquo;Arvor mars 2014&lt;\/p&gt;\n\" data-image-caption=\"\" data-medium-file=\"http:\/\/culturedelapaix.org\/blogs\/Rennes\/wp-content\/uploads\/140311-arvor-300x169.jpg\" data-large-file=\"http:\/\/culturedelapaix.org\/blogs\/Rennes\/wp-content\/uploads\/140311-arvor.jpg\" decoding=\"async\" loading=\"lazy\" src=\"http:\/\/culturedelapaix.org\/blogs\/Rennes\/wp-content\/uploads\/140311-arvor.jpg\" alt=\"&quot;Retour en Alg\u00e9rie&quot; \u00e0 l&#039;Arvor mars 2014\" width=\"600\" height=\"338\" class=\"alignnone size-full wp-image-4723\" srcset=\"http:\/\/culturedelapaix.org\/blogs\/Rennes\/wp-content\/uploads\/140311-arvor.jpg 600w, http:\/\/culturedelapaix.org\/blogs\/Rennes\/wp-content\/uploads\/140311-arvor-300x169.jpg 300w\" sizes=\"(max-width: 600px) 100vw, 600px\" \/><\/p>\n<p>Le d\u00e9bat \u00e0 chaque fois a dur\u00e9 au moins 1h00 \u00e0 1h30 en pr\u00e9sence de Simone de Bollardi\u00e8re et de militants de toutes les associations qui ont soutenu l&rsquo;initiative et bien s\u00fbr des t\u00e9moins que furent les militants de 4ACG et d&rsquo;anciens appel\u00e9s. Accord unanime sur le fait que la parole doit se lib\u00e9rer et que la v\u00e9rit\u00e9 doit \u00eatre dite mais aussi accord sur le fait que la guerre n&rsquo;est jamais la solution que tous les moyens doivent \u00eatre mise en oeuvre pour la pr\u00e9vention des guerres.<\/p>\n<p>&nbsp;<\/p>\n","protected":false},"excerpt":{"rendered":"<p>Les horaires \u00e9taient un peu difficiles puisque le film \u00e9tait programm\u00e9 le samedi matin \u00e0 11:00 et le dimanche matin \u00e0 11:00. Pourtant ces deux projections ont \u00e9t\u00e9 un total succ\u00e8s puisque la salle du cin\u00e9ma Arvor a \u00e9t\u00e9 remplie deux fois. Beaucoup d&rsquo;\u00e9motion de sinc\u00e9rit\u00e9 apr\u00e8s ce film lui aussi tr\u00e8s touchant de v\u00e9rit\u00e9 [&hellip;]<\/p>\n","protected":false},"author":1,"featured_media":0,"comment_status":"open","ping_status":"open","sticky":false,"template":"","format":"standard","meta":{"_jetpack_newsletter_access":""},"categories":[70,55,3,33],"tags":[54,22,71,29,227,9,11,17,18],"jetpack_featured_media_url":"","jetpack_sharing_enabled":true,"jetpack_likes_enabled":true,"_links":{"self":[{"href":"http:\/\/culturedelapaix.org\/blogs\/Rennes\/wp-json\/wp\/v2\/posts\/4722"}],"collection":[{"href":"http:\/\/culturedelapaix.org\/blogs\/Rennes\/wp-json\/wp\/v2\/posts"}],"about":[{"href":"http:\/\/culturedelapaix.org\/blogs\/Rennes\/wp-json\/wp\/v2\/types\/post"}],"author":[{"embeddable":true,"href":"http:\/\/culturedelapaix.org\/blogs\/Rennes\/wp-json\/wp\/v2\/users\/1"}],"replies":[{"embeddable":true,"href":"http:\/\/culturedelapaix.org\/blogs\/Rennes\/wp-json\/wp\/v2\/comments?post=4722"}],"version-history":[{"count":1,"href":"http:\/\/culturedelapaix.org\/blogs\/Rennes\/wp-json\/wp\/v2\/posts\/4722\/revisions"}],"predecessor-version":[{"id":4724,"href":"http:\/\/culturedelapaix.org\/blogs\/Rennes\/wp-json\/wp\/v2\/posts\/4722\/revisions\/4724"}],"wp:attachment":[{"href":"http:\/\/culturedelapaix.org\/blogs\/Rennes\/wp-json\/wp\/v2\/media?parent=4722"}],"wp:term":[{"taxonomy":"category","embeddable":true,"href":"http:\/\/culturedelapaix.org\/blogs\/Rennes\/wp-json\/wp\/v2\/categories?post=4722"},{"taxonomy":"post_tag","embeddable":true,"href":"http:\/\/culturedelapaix.org\/blogs\/Rennes\/wp-json\/wp\/v2\/tags?post=4722"}],"curies":[{"name":"wp","href":"https:\/\/api.w.org\/{rel}","templated":true}]}}