{"id":4284,"date":"2013-11-22T12:34:30","date_gmt":"2013-11-22T11:34:30","guid":{"rendered":"http:\/\/culturedelapaix.org\/blogs\/Rennes\/?p=4284"},"modified":"2013-12-02T12:32:09","modified_gmt":"2013-12-02T11:32:09","slug":"extraits-de-la-lettre-ouverte-aux-deputees-au-sujet-de-la-modernisation-de-larmement-nucleaire-de-la-france","status":"publish","type":"post","link":"http:\/\/culturedelapaix.org\/blogs\/Rennes\/2013\/11\/22\/extraits-de-la-lettre-ouverte-aux-deputees-au-sujet-de-la-modernisation-de-larmement-nucleaire-de-la-france\/","title":{"rendered":"Extraits de la \u201clettre ouverte aux d\u00e9put\u00e9(e)s\u201d au sujet de la modernisation de l\u2019armement nucl\u00e9aire de la France"},"content":{"rendered":"<p>Quelques extraits de la \u201clettre ouverte aux d\u00e9put\u00e9(e)s\u201d de Paul Quil\u00e8s (ancien Ministre de la d\u00e9fense), Bernard Norlain (G\u00e9n\u00e9ral) et Jean-Marie Collin (expert) au sujet de la modernisation de l\u2019armement nucl\u00e9aire de la France.<\/p>\n<ul>\n<li>Paul Quil\u00e8s, ancien ministre de la d\u00e9fense, ancien pr\u00e9sident de la commission de la d\u00e9fense de l\u2019Assembl\u00e9e Nationale;<\/li>\n<li>Bernard Norlain, g\u00e9n\u00e9ral d\u2019arm\u00e9e a\u00e9rienne (2S), ancien commandant de la Force a\u00e9rienne de combat puis directeur de l\u2019IHEDN;<\/li>\n<li>Jean-Marie Collin, directeur pour la France du r\u00e9seau international des Parlementaires pour la Non-prolif\u00e9ration Nucl\u00e9aire et le D\u00e9sarmement.<\/li>\n<\/ul>\n<p>Cliquez ici pour lire les extraits: <a href=\"http:\/\/paul.quiles.over-blog.com\/2013\/10\/le-parlement-doit-d%C3%A9battre-du-nucl%C3%A9aire-militaire.html\" title=\"Le Parlement doit d\u00e9battre du nucl\u00e9aire militaire\" target=\"_blank\">Le Parlement doit d\u00e9battre du nucl\u00e9aire militaire<\/a>.<\/p>\n<p>&nbsp;<\/p>\n","protected":false},"excerpt":{"rendered":"<p>Quelques extraits de la \u201clettre ouverte aux d\u00e9put\u00e9(e)s\u201d de Paul Quil\u00e8s (ancien Ministre de la d\u00e9fense), Bernard Norlain (G\u00e9n\u00e9ral) et Jean-Marie Collin (expert) au sujet de la modernisation de l\u2019armement nucl\u00e9aire de la France. Paul Quil\u00e8s, ancien ministre de la d\u00e9fense, ancien pr\u00e9sident de la commission de la d\u00e9fense de l\u2019Assembl\u00e9e Nationale; Bernard Norlain, g\u00e9n\u00e9ral [&hellip;]<\/p>\n","protected":false},"author":1,"featured_media":0,"comment_status":"open","ping_status":"open","sticky":false,"template":"","format":"standard","meta":{"_jetpack_newsletter_access":""},"categories":[33],"tags":[6,29,186,96,17],"jetpack_featured_media_url":"","jetpack_sharing_enabled":true,"jetpack_likes_enabled":true,"_links":{"self":[{"href":"http:\/\/culturedelapaix.org\/blogs\/Rennes\/wp-json\/wp\/v2\/posts\/4284"}],"collection":[{"href":"http:\/\/culturedelapaix.org\/blogs\/Rennes\/wp-json\/wp\/v2\/posts"}],"about":[{"href":"http:\/\/culturedelapaix.org\/blogs\/Rennes\/wp-json\/wp\/v2\/types\/post"}],"author":[{"embeddable":true,"href":"http:\/\/culturedelapaix.org\/blogs\/Rennes\/wp-json\/wp\/v2\/users\/1"}],"replies":[{"embeddable":true,"href":"http:\/\/culturedelapaix.org\/blogs\/Rennes\/wp-json\/wp\/v2\/comments?post=4284"}],"version-history":[{"count":2,"href":"http:\/\/culturedelapaix.org\/blogs\/Rennes\/wp-json\/wp\/v2\/posts\/4284\/revisions"}],"predecessor-version":[{"id":4286,"href":"http:\/\/culturedelapaix.org\/blogs\/Rennes\/wp-json\/wp\/v2\/posts\/4284\/revisions\/4286"}],"wp:attachment":[{"href":"http:\/\/culturedelapaix.org\/blogs\/Rennes\/wp-json\/wp\/v2\/media?parent=4284"}],"wp:term":[{"taxonomy":"category","embeddable":true,"href":"http:\/\/culturedelapaix.org\/blogs\/Rennes\/wp-json\/wp\/v2\/categories?post=4284"},{"taxonomy":"post_tag","embeddable":true,"href":"http:\/\/culturedelapaix.org\/blogs\/Rennes\/wp-json\/wp\/v2\/tags?post=4284"}],"curies":[{"name":"wp","href":"https:\/\/api.w.org\/{rel}","templated":true}]}}