{"id":4274,"date":"2013-11-21T12:42:15","date_gmt":"2013-11-21T11:42:15","guid":{"rendered":"http:\/\/culturedelapaix.org\/blogs\/Rennes\/?p=4274"},"modified":"2013-12-02T12:33:53","modified_gmt":"2013-12-02T11:33:53","slug":"mouvement-de-la-paix-cyber-action-adressee-aux-parlementaires","status":"publish","type":"post","link":"http:\/\/culturedelapaix.org\/blogs\/Rennes\/2013\/11\/21\/mouvement-de-la-paix-cyber-action-adressee-aux-parlementaires\/","title":{"rendered":"Mouvement de la Paix: Cyber-action adress\u00e9e aux parlementaires"},"content":{"rendered":"<h3>Loi de programmation militaire: c\u2019est le moment d\u2019intervenir aupr\u00e8s des d\u00e9put\u00e9s.<\/h3>\n<h3>Urgent: Prenez part \u00e0 la cyber-p\u00e9tition \u00ab\u00a0pas un sou pour de nouvelles bombes atomiques\u00a0\u00bb pour peser sur le d\u00e9bat!<\/h3>\n<h3><a href=\"http:\/\/www.mvtpaix.org\/utils\/petitionparlementaires-LPM2014.php\" title=\"PAS UN SOU POUR DE NOUVELLES BOMBES ATOMIQUES\" target=\"_blank\">>> Signer la cyber-action adress\u00e9e aux Parlementaires ici<\/a><\/h3>\n<p><img data-attachment-id=\"4280\" data-permalink=\"http:\/\/culturedelapaix.org\/blogs\/Rennes\/2013\/11\/21\/mouvement-de-la-paix-cyber-action-adressee-aux-parlementaires\/crayon-missile-300\/\" data-orig-file=\"http:\/\/culturedelapaix.org\/blogs\/Rennes\/wp-content\/uploads\/Crayon-missile-300.gif\" data-orig-size=\"300,166\" data-comments-opened=\"1\" data-image-meta=\"{&quot;aperture&quot;:&quot;0&quot;,&quot;credit&quot;:&quot;&quot;,&quot;camera&quot;:&quot;&quot;,&quot;caption&quot;:&quot;&quot;,&quot;created_timestamp&quot;:&quot;0&quot;,&quot;copyright&quot;:&quot;&quot;,&quot;focal_length&quot;:&quot;0&quot;,&quot;iso&quot;:&quot;0&quot;,&quot;shutter_speed&quot;:&quot;0&quot;,&quot;title&quot;:&quot;&quot;}\" data-image-title=\"pas un sou pour de nouvelles bombes atomiques\" data-image-description=\"&lt;p&gt;pas un sou pour de nouvelles bombes atomiques&lt;\/p&gt;\n\" data-image-caption=\"\" data-medium-file=\"http:\/\/culturedelapaix.org\/blogs\/Rennes\/wp-content\/uploads\/Crayon-missile-300.gif\" data-large-file=\"http:\/\/culturedelapaix.org\/blogs\/Rennes\/wp-content\/uploads\/Crayon-missile-300.gif\" decoding=\"async\" loading=\"lazy\" src=\"http:\/\/culturedelapaix.org\/blogs\/Rennes\/wp-content\/uploads\/Crayon-missile-300.gif\" alt=\"pas un sou pour de nouvelles bombes atomiques\" width=\"300\" height=\"166\" class=\"alignright size-full wp-image-4280\" \/><\/p>\n<p>Nous avons d\u00e8s le mois d\u2019octobre fait connaitre notre rejet du projet de loi de programmation militaire 2014-2019 d\u2019un montant de 190 milliards d\u2019Euros sur 6 ans dont 23,3 milliards d\u2019Euros pour les armes atomiques. Ce projet constitue pour le Mouvement de la Paix une apologie de la toute puissance militaire, sans aucune perspective vers la promotion d\u2019une culture de la paix et de la non-violence comprise comme un des moyens d\u2019une construction politique de la paix. En cons\u00e9quence, nous avons transmis aux parlementaires d\u00e8s octobre un dossier d&rsquo;analyses et de propositions. <a href=\"http:\/\/culturedelapaix.org\/blogs\/Rennes\/2013\/10\/21\/ensemble-rejetons-le-projet-de-loi-de-programmation-militaire-2014-2019\/\" title=\" Ensemble rejetons le projet de loi de programmation militaire 2014-2019\" target=\"_blank\">Celui-ci est consultable et t\u00e9l\u00e9chargeable en cliquant ici.<\/a><\/p>\n<p>Nous nous adressons \u00e0 vous aujourd&rsquo;hui car il nous semble n\u00e9cessaire et urgent de faire pression sur un point particuli\u00e8rement grave et alarmant, celui de la \u00ab\u00a0modernisation\u00a0\u00bb des armes nucl\u00e9aires.<\/p>\n<p>En effet, la loi de programmation militaire qui est en d\u00e9bat les <strong>26-27 et 28 novembre<\/strong> \u00e0 l&rsquo;Assembl\u00e9e Nationale comprend des cr\u00e9dits pour la construction de nouveaux missiles (M51-2, M51-3, et M6), de nouvelles bombes atomiques (TNN et TNO) et la poursuite des essais nucl\u00e9aires en laboratoire. Plus encore elle pr\u00e9voit des cr\u00e9dits en vue du remplacement des <strong>Sous-marins Nucl\u00e9aires Lanceurs d&rsquo;Engins de Nouvelle G\u00e9n\u00e9ration (SNLE-NG) par des SNLE de troisi\u00e8me g\u00e9n\u00e9ration.<\/strong> Pourtant cette flotte de SNLE vient de faire l&rsquo;objet d&rsquo;un renouvellement total achev\u00e9 en 2010 par la mise en fonction du dernier SNLE-NG \u00ab\u00a0Le Terrible\u00a0\u00bb \u00e0 l&rsquo;\u00cele Longue.<\/p>\n<p>Chacun des 4 SNLE a co\u00fbt\u00e9 (y inclus ses 16 missiles) 4.5 milliards d&rsquo;euros, et 8.5 milliards d&rsquo;Euros si on inclut les charges de d\u00e9veloppement soit au total 34 milliards d\u2019Euros (<em>Source:<\/em> D\u00e9fense fran\u00e7aise, le devoir d&rsquo;inventaire &#8211; <em>Editions du Moment<\/em>)<\/p>\n<p>D\u2019anciens ministres, des \u00e9lus, y compris de la majorit\u00e9, des militaires, des experts etc partagent totalement ou en partie notre point de vue. La commission des affaires \u00e9trang\u00e8res semble vouloir donner son avis en particulier sur la question des armes nucl\u00e9aires, alors que ce n&rsquo;\u00e9tait pas pr\u00e9vu.<\/p>\n<p>Les choses bougent notamment au plan international. Un d\u00e9bat semble pouvoir s\u2019engager. C\u2019est donc le moment d&rsquo;agir!<\/p>\n<p>C&rsquo;est dans ce contexte que nous vous proposons de signer le plus vite possible en cliquant ici la lettre aux d\u00e9put\u00e9s avec copie aux s\u00e9nateurs et s\u00e9natrices. Elle sera, d\u00e8s votre signature, adress\u00e9e en instantan\u00e9 aux parlementaires de votre d\u00e9partement.<\/p>\n<h3><a href=\"http:\/\/www.mvtpaix.org\/utils\/petitionparlementaires-LPM2014.php\" title=\"PAS UN SOU POUR DE NOUVELLES BOMBES ATOMIQUES\" target=\"_blank\">>> Signer la cyber-action adress\u00e9e aux Parlementaires ici<\/a><\/h3>\n<p>A consulter:<\/p>\n<ul>\n<li>Le dossier <a href=\"http:\/\/www.mvtpaix.org\/fichiersdownload\/petitions\/pas%20un%20sou%20pour%20de%20nouvelles%20bombes%20atomiques%20def.pdf\" title=\"Pas un sou pour de nouvelles bombes atomiques\" target=\"_blank\">Pas un sou pour de nouvelles bombes atomiques<\/a> (pdf)<\/li>\n<li>Le dossier <a href=\"http:\/\/www.mvtpaix.org\/fichiersdownload\/petitions\/pas%20un%20sou%20pour%20de%20nouvelles%20bombes%20atomiques.doc\" title=\"Pas un sou pour de nouvelles bombes atomiques\" target=\"_blank\">Pas un sou pour de nouvelles bombes atomiques<\/a> (doc)<\/li>\n<\/ul>\n<p>&nbsp;<\/p>\n","protected":false},"excerpt":{"rendered":"<p>Loi de programmation militaire: c\u2019est le moment d\u2019intervenir aupr\u00e8s des d\u00e9put\u00e9s. Urgent: Prenez part \u00e0 la cyber-p\u00e9tition \u00ab\u00a0pas un sou pour de nouvelles bombes atomiques\u00a0\u00bb pour peser sur le d\u00e9bat! >> Signer la cyber-action adress\u00e9e aux Parlementaires ici Nous avons d\u00e8s le mois d\u2019octobre fait connaitre notre rejet du projet de loi de programmation militaire [&hellip;]<\/p>\n","protected":false},"author":1,"featured_media":0,"comment_status":"open","ping_status":"open","sticky":false,"template":"","format":"standard","meta":{"_jetpack_newsletter_access":""},"categories":[40,13,33],"tags":[6,29,51,186,25,42,17],"jetpack_featured_media_url":"","jetpack_sharing_enabled":true,"jetpack_likes_enabled":true,"_links":{"self":[{"href":"http:\/\/culturedelapaix.org\/blogs\/Rennes\/wp-json\/wp\/v2\/posts\/4274"}],"collection":[{"href":"http:\/\/culturedelapaix.org\/blogs\/Rennes\/wp-json\/wp\/v2\/posts"}],"about":[{"href":"http:\/\/culturedelapaix.org\/blogs\/Rennes\/wp-json\/wp\/v2\/types\/post"}],"author":[{"embeddable":true,"href":"http:\/\/culturedelapaix.org\/blogs\/Rennes\/wp-json\/wp\/v2\/users\/1"}],"replies":[{"embeddable":true,"href":"http:\/\/culturedelapaix.org\/blogs\/Rennes\/wp-json\/wp\/v2\/comments?post=4274"}],"version-history":[{"count":7,"href":"http:\/\/culturedelapaix.org\/blogs\/Rennes\/wp-json\/wp\/v2\/posts\/4274\/revisions"}],"predecessor-version":[{"id":4282,"href":"http:\/\/culturedelapaix.org\/blogs\/Rennes\/wp-json\/wp\/v2\/posts\/4274\/revisions\/4282"}],"wp:attachment":[{"href":"http:\/\/culturedelapaix.org\/blogs\/Rennes\/wp-json\/wp\/v2\/media?parent=4274"}],"wp:term":[{"taxonomy":"category","embeddable":true,"href":"http:\/\/culturedelapaix.org\/blogs\/Rennes\/wp-json\/wp\/v2\/categories?post=4274"},{"taxonomy":"post_tag","embeddable":true,"href":"http:\/\/culturedelapaix.org\/blogs\/Rennes\/wp-json\/wp\/v2\/tags?post=4274"}],"curies":[{"name":"wp","href":"https:\/\/api.w.org\/{rel}","templated":true}]}}