{"id":4268,"date":"2013-11-20T11:21:08","date_gmt":"2013-11-20T10:21:08","guid":{"rendered":"http:\/\/culturedelapaix.org\/blogs\/Rennes\/?p=4268"},"modified":"2013-11-20T11:22:45","modified_gmt":"2013-11-20T10:22:45","slug":"la-culture-de-la-paix-passeport-pour-lavenir","status":"publish","type":"post","link":"http:\/\/culturedelapaix.org\/blogs\/Rennes\/2013\/11\/20\/la-culture-de-la-paix-passeport-pour-lavenir\/","title":{"rendered":"La culture de la paix, passeport pour l&rsquo;avenir!"},"content":{"rendered":"<p><em>Intervention de Christian Colimard devant le monument aux morts de Primelin le 11 novembre 2013 (au nom du Mouvement de la Paix)<\/em><\/p>\n<p><img data-attachment-id=\"4269\" data-permalink=\"http:\/\/culturedelapaix.org\/blogs\/Rennes\/2013\/11\/20\/la-culture-de-la-paix-passeport-pour-lavenir\/131120-algerie\/\" data-orig-file=\"http:\/\/culturedelapaix.org\/blogs\/Rennes\/wp-content\/uploads\/131120-algerie.jpg\" data-orig-size=\"400,533\" data-comments-opened=\"1\" data-image-meta=\"{&quot;aperture&quot;:&quot;0&quot;,&quot;credit&quot;:&quot;&quot;,&quot;camera&quot;:&quot;&quot;,&quot;caption&quot;:&quot;&quot;,&quot;created_timestamp&quot;:&quot;0&quot;,&quot;copyright&quot;:&quot;&quot;,&quot;focal_length&quot;:&quot;0&quot;,&quot;iso&quot;:&quot;0&quot;,&quot;shutter_speed&quot;:&quot;0&quot;,&quot;title&quot;:&quot;&quot;}\" data-image-title=\"Guerre 14-18\" data-image-description=\"&lt;p&gt;Guerre 14-18&lt;\/p&gt;\n\" data-image-caption=\"\" data-medium-file=\"http:\/\/culturedelapaix.org\/blogs\/Rennes\/wp-content\/uploads\/131120-algerie-225x300.jpg\" data-large-file=\"http:\/\/culturedelapaix.org\/blogs\/Rennes\/wp-content\/uploads\/131120-algerie.jpg\" decoding=\"async\" loading=\"lazy\" src=\"http:\/\/culturedelapaix.org\/blogs\/Rennes\/wp-content\/uploads\/131120-algerie.jpg\" alt=\"Guerre 14-18\" width=\"400\" height=\"533\" class=\"alignright size-full wp-image-4269\" srcset=\"http:\/\/culturedelapaix.org\/blogs\/Rennes\/wp-content\/uploads\/131120-algerie.jpg 400w, http:\/\/culturedelapaix.org\/blogs\/Rennes\/wp-content\/uploads\/131120-algerie-225x300.jpg 225w\" sizes=\"(max-width: 400px) 100vw, 400px\" \/><\/p>\n<p>Nous \u00e9tions en droit d&rsquo;esp\u00e9rer qu&rsquo;au moins une symbolique pacifiste forte soit recherch\u00e9e pour marquer le lancement officiel des comm\u00e9morations du centenaire de la guerre 14\/18: la r\u00e9habilitation des \u00ab\u00a0fusill\u00e9s pour l&rsquo;exemple\u00a0\u00bb aurait \u00e9t\u00e9 de ce point de vue significative.<\/p>\n<p>Cela n&rsquo;a pas \u00e9t\u00e9 le message du Pr\u00e9sident de la R\u00e9publique: Il semble avoir pr\u00e9f\u00e9r\u00e9 la tonalit\u00e9 des discours des tenants de l&rsquo;apologie guerri\u00e8re&#8230; et de son lot de macabres cons\u00e9quences humaines.<\/p>\n<p>Pire, il en fait une r\u00e9f\u00e9rence pour en appeler \u00e0 une autre \u00ab\u00a0union sacr\u00e9e\u00a0\u00bb en faveur des th\u00e8ses de soumissions aux diktats des financiers qui n&rsquo;ont que faire du sort des populations, oubliant la proph\u00e9tie de Jaur\u00e8s: \u00ab\u00a0le capitalisme porte en lui la guerre comme la nu\u00e9e porte l&rsquo;orage\u00a0\u00bb.<\/p>\n<p>Ainsi donc, nous devrions continuer \u00e0 subir les d\u00e9lires de ces autorit\u00e9s qui ne con\u00e7oivent leur raison d&rsquo;\u00eatre qu&rsquo;a l&rsquo;aune de la puissance&#8230; et notamment de celle des lobbies militaro-industriels &#8230; fussent-ils producteurs du risque d&rsquo;apocalypse, comme celui que porte l&rsquo;arsenal nucl\u00e9aire concentr\u00e9 sur l&rsquo;autre pointe du Finist\u00e8re, entre Crozon et Brest.<\/p>\n<p>Tout se tient. Lorsque, comme le recommande le gouvernement et le Pr\u00e9sident, la grandeur de la France ne se jaugerait qu&rsquo;\u00e0 notre capacit\u00e9 \u00e0 courir apr\u00e8s des faits d&rsquo;armes, en l&rsquo;Afrique au proche et moyen orient.<\/p>\n<p>Tout cela, avec un projet de loi de programmation militaire taill\u00e9 \u00e0 la mesure de ces options de dominations.<\/p>\n<p>D\u00e9cid\u00e9ment, les autorit\u00e9s actuelles ne veulent pas r\u00e9pondre \u00e0 la question chant\u00e9e par Jacques Brel: \u00ab\u00a0Pourquoi ont-ils tu\u00e9 Jaur\u00e8s?\u00a0\u00bb<\/p>\n<p>Elles sont sourdes (ces autorit\u00e9s) \u00e0 l&rsquo;appel \u00e0 faire de ce d\u00e9but de si\u00e8cle, une \u00e9pop\u00e9e de culture qui, instruite des le\u00e7ons de l&rsquo;histoire de l&rsquo;\u00e9volution de l&rsquo;humanit\u00e9 et de ses errements, promulguerait \u00ab\u00a0la paix sur terre\u00a0\u00bb.<\/p>\n<p>Le crime perp\u00e9tu\u00e9 \u00e0 l&rsquo;encontre des soldats fusill\u00e9s&#8230; et la l\u00e9gitimit\u00e9 du droit \u00e0 la d\u00e9sob\u00e9issance, appellent pourtant \u00e0 cette humanit\u00e9: <span style=\"color:#3366CC\"><strong>LA CULTURE DE PAIX.<\/strong><\/span><\/p>\n","protected":false},"excerpt":{"rendered":"<p>Intervention de Christian Colimard devant le monument aux morts de Primelin le 11 novembre 2013 (au nom du Mouvement de la Paix) Nous \u00e9tions en droit d&rsquo;esp\u00e9rer qu&rsquo;au moins une symbolique pacifiste forte soit recherch\u00e9e pour marquer le lancement officiel des comm\u00e9morations du centenaire de la guerre 14\/18: la r\u00e9habilitation des \u00ab\u00a0fusill\u00e9s pour l&rsquo;exemple\u00a0\u00bb aurait [&hellip;]<\/p>\n","protected":false},"author":1,"featured_media":0,"comment_status":"open","ping_status":"open","sticky":false,"template":"","format":"standard","meta":{"_jetpack_newsletter_access":""},"categories":[15,3,33],"tags":[29,184,14,9,17],"jetpack_featured_media_url":"","jetpack_sharing_enabled":true,"jetpack_likes_enabled":true,"_links":{"self":[{"href":"http:\/\/culturedelapaix.org\/blogs\/Rennes\/wp-json\/wp\/v2\/posts\/4268"}],"collection":[{"href":"http:\/\/culturedelapaix.org\/blogs\/Rennes\/wp-json\/wp\/v2\/posts"}],"about":[{"href":"http:\/\/culturedelapaix.org\/blogs\/Rennes\/wp-json\/wp\/v2\/types\/post"}],"author":[{"embeddable":true,"href":"http:\/\/culturedelapaix.org\/blogs\/Rennes\/wp-json\/wp\/v2\/users\/1"}],"replies":[{"embeddable":true,"href":"http:\/\/culturedelapaix.org\/blogs\/Rennes\/wp-json\/wp\/v2\/comments?post=4268"}],"version-history":[{"count":4,"href":"http:\/\/culturedelapaix.org\/blogs\/Rennes\/wp-json\/wp\/v2\/posts\/4268\/revisions"}],"predecessor-version":[{"id":4273,"href":"http:\/\/culturedelapaix.org\/blogs\/Rennes\/wp-json\/wp\/v2\/posts\/4268\/revisions\/4273"}],"wp:attachment":[{"href":"http:\/\/culturedelapaix.org\/blogs\/Rennes\/wp-json\/wp\/v2\/media?parent=4268"}],"wp:term":[{"taxonomy":"category","embeddable":true,"href":"http:\/\/culturedelapaix.org\/blogs\/Rennes\/wp-json\/wp\/v2\/categories?post=4268"},{"taxonomy":"post_tag","embeddable":true,"href":"http:\/\/culturedelapaix.org\/blogs\/Rennes\/wp-json\/wp\/v2\/tags?post=4268"}],"curies":[{"name":"wp","href":"https:\/\/api.w.org\/{rel}","templated":true}]}}