{"id":4175,"date":"2013-09-19T19:20:04","date_gmt":"2013-09-19T17:20:04","guid":{"rendered":"http:\/\/culturedelapaix.org\/blogs\/Rennes\/?p=4175"},"modified":"2013-09-19T19:20:24","modified_gmt":"2013-09-19T17:20:24","slug":"video-paul-quiles-a-la-fete-de-lhumanite","status":"publish","type":"post","link":"http:\/\/culturedelapaix.org\/blogs\/Rennes\/2013\/09\/19\/video-paul-quiles-a-la-fete-de-lhumanite\/","title":{"rendered":"Vid\u00e9o: Paul Quil\u00e8s \u00e0 la F\u00eate de l&rsquo;Humanit\u00e9"},"content":{"rendered":"<p>L&rsquo;ancien ministre de la D\u00e9fense sous Fran\u00e7ois Mitterrand, grand sp\u00e9cialiste des questions de D\u00e9fense, r\u00e9agit \u00e0 la F\u00eate de l&rsquo;Humanit\u00e9 sur l&rsquo;accord r\u00e9cent trouv\u00e9 entre les \u00c9tats-Unis et la Russie concernant la mise sous contr\u00f4le international du stock d&rsquo;armes chimiques du r\u00e9gime de Bachar al-Assad en Syrie.<\/p>\n<p><iframe loading=\"lazy\" width=\"500\" height=\"281\" src=\"http:\/\/www.youtube.com\/embed\/kvCrHDAKkAI?feature=oembed\" frameborder=\"0\" allowfullscreen><\/iframe><\/p>\n<p>&nbsp;<\/p>\n","protected":false},"excerpt":{"rendered":"<p>L&rsquo;ancien ministre de la D\u00e9fense sous Fran\u00e7ois Mitterrand, grand sp\u00e9cialiste des questions de D\u00e9fense, r\u00e9agit \u00e0 la F\u00eate de l&rsquo;Humanit\u00e9 sur l&rsquo;accord r\u00e9cent trouv\u00e9 entre les \u00c9tats-Unis et la Russie concernant la mise sous contr\u00f4le international du stock d&rsquo;armes chimiques du r\u00e9gime de Bachar al-Assad en Syrie. &nbsp;<\/p>\n","protected":false},"author":1,"featured_media":0,"comment_status":"open","ping_status":"open","sticky":false,"template":"","format":"standard","meta":{"_jetpack_newsletter_access":""},"categories":[55,33],"tags":[6,29,227,17,166,109,64],"jetpack_featured_media_url":"","jetpack_sharing_enabled":true,"jetpack_likes_enabled":true,"_links":{"self":[{"href":"http:\/\/culturedelapaix.org\/blogs\/Rennes\/wp-json\/wp\/v2\/posts\/4175"}],"collection":[{"href":"http:\/\/culturedelapaix.org\/blogs\/Rennes\/wp-json\/wp\/v2\/posts"}],"about":[{"href":"http:\/\/culturedelapaix.org\/blogs\/Rennes\/wp-json\/wp\/v2\/types\/post"}],"author":[{"embeddable":true,"href":"http:\/\/culturedelapaix.org\/blogs\/Rennes\/wp-json\/wp\/v2\/users\/1"}],"replies":[{"embeddable":true,"href":"http:\/\/culturedelapaix.org\/blogs\/Rennes\/wp-json\/wp\/v2\/comments?post=4175"}],"version-history":[{"count":1,"href":"http:\/\/culturedelapaix.org\/blogs\/Rennes\/wp-json\/wp\/v2\/posts\/4175\/revisions"}],"predecessor-version":[{"id":4176,"href":"http:\/\/culturedelapaix.org\/blogs\/Rennes\/wp-json\/wp\/v2\/posts\/4175\/revisions\/4176"}],"wp:attachment":[{"href":"http:\/\/culturedelapaix.org\/blogs\/Rennes\/wp-json\/wp\/v2\/media?parent=4175"}],"wp:term":[{"taxonomy":"category","embeddable":true,"href":"http:\/\/culturedelapaix.org\/blogs\/Rennes\/wp-json\/wp\/v2\/categories?post=4175"},{"taxonomy":"post_tag","embeddable":true,"href":"http:\/\/culturedelapaix.org\/blogs\/Rennes\/wp-json\/wp\/v2\/tags?post=4175"}],"curies":[{"name":"wp","href":"https:\/\/api.w.org\/{rel}","templated":true}]}}