{"id":4074,"date":"2013-09-08T17:38:55","date_gmt":"2013-09-08T15:38:55","guid":{"rendered":"http:\/\/culturedelapaix.org\/blogs\/Rennes\/?p=4074"},"modified":"2013-09-08T17:39:18","modified_gmt":"2013-09-08T15:39:18","slug":"video-3-minutes-pour-comprendre-les-enjeux-energetiques-de-la-guerre-en-syrie","status":"publish","type":"post","link":"http:\/\/culturedelapaix.org\/blogs\/Rennes\/2013\/09\/08\/video-3-minutes-pour-comprendre-les-enjeux-energetiques-de-la-guerre-en-syrie\/","title":{"rendered":"Vid\u00e9o: 3 minutes pour comprendre les enjeux \u00e9nerg\u00e9tiques de la guerre en Syrie"},"content":{"rendered":"<p><img data-attachment-id=\"4075\" data-permalink=\"http:\/\/culturedelapaix.org\/blogs\/Rennes\/2013\/09\/08\/video-3-minutes-pour-comprendre-les-enjeux-energetiques-de-la-guerre-en-syrie\/logo-lavie\/\" data-orig-file=\"http:\/\/culturedelapaix.org\/blogs\/Rennes\/wp-content\/uploads\/logo-lavie.png\" data-orig-size=\"121,101\" data-comments-opened=\"1\" data-image-meta=\"{&quot;aperture&quot;:&quot;0&quot;,&quot;credit&quot;:&quot;&quot;,&quot;camera&quot;:&quot;&quot;,&quot;caption&quot;:&quot;&quot;,&quot;created_timestamp&quot;:&quot;0&quot;,&quot;copyright&quot;:&quot;&quot;,&quot;focal_length&quot;:&quot;0&quot;,&quot;iso&quot;:&quot;0&quot;,&quot;shutter_speed&quot;:&quot;0&quot;,&quot;title&quot;:&quot;&quot;}\" data-image-title=\"Logo La Vie\" data-image-description=\"&lt;p&gt;Logo La Vie&lt;\/p&gt;\n\" data-image-caption=\"\" data-medium-file=\"http:\/\/culturedelapaix.org\/blogs\/Rennes\/wp-content\/uploads\/logo-lavie.png\" data-large-file=\"http:\/\/culturedelapaix.org\/blogs\/Rennes\/wp-content\/uploads\/logo-lavie.png\" decoding=\"async\" loading=\"lazy\" src=\"http:\/\/culturedelapaix.org\/blogs\/Rennes\/wp-content\/uploads\/logo-lavie.png\" alt=\"Logo La Vie\" width=\"121\" height=\"101\" class=\"alignleft size-full wp-image-4075\" \/>Vid\u00e9o de l&rsquo;hebdomadaire La Vie, <a href=\"http:\/\/www.lavie.fr\/medias\/webreportages\/3-minutes-pour-comprendre-les-enjeux-energetiques-de-la-guerre-en-syrie-05-09-2013-43762_455.php\" title=\"3 minutes pour comprendre: les enjeux \u00e9nerg\u00e9tiques de la guerre en Syrie\" target=\"_blank\">\u00ab\u00a03 minutes pour comprendre: les enjeux \u00e9nerg\u00e9tiques de la guerre en Syrie\u00a0\u00bb<\/a>, publi\u00e9 le 5 septembre 2013.<\/p>\n<p>&nbsp;<\/p>\n<p>&nbsp;<\/p>\n<blockquote>\n<p>En sous-main du conflit syrien, la rivalit\u00e9 entre le Qatar et l&rsquo;Iran autour du champ gazier le plus important du monde et les int\u00e9r\u00eats g\u00e9ostrat\u00e9giques des pays du Golfe. Explications en 3 minutes avec notre carte interactive.<\/p>\n<\/blockquote>\n<p><iframe loading=\"lazy\" width=\"500\" height=\"281\" src=\"http:\/\/www.youtube.com\/embed\/QztgjFSPwfA?feature=oembed\" frameborder=\"0\" allowfullscreen><\/iframe><\/p>\n<p>&nbsp;<\/p>\n","protected":false},"excerpt":{"rendered":"<p>Vid\u00e9o de l&rsquo;hebdomadaire La Vie, \u00ab\u00a03 minutes pour comprendre: les enjeux \u00e9nerg\u00e9tiques de la guerre en Syrie\u00a0\u00bb, publi\u00e9 le 5 septembre 2013. &nbsp; &nbsp; En sous-main du conflit syrien, la rivalit\u00e9 entre le Qatar et l&rsquo;Iran autour du champ gazier le plus important du monde et les int\u00e9r\u00eats g\u00e9ostrat\u00e9giques des pays du Golfe. Explications en [&hellip;]<\/p>\n","protected":false},"author":1,"featured_media":0,"comment_status":"open","ping_status":"open","sticky":false,"template":"","format":"standard","meta":{"_jetpack_newsletter_access":""},"categories":[55,56],"tags":[7,101,227,57,109,169],"jetpack_featured_media_url":"","jetpack_sharing_enabled":true,"jetpack_likes_enabled":true,"_links":{"self":[{"href":"http:\/\/culturedelapaix.org\/blogs\/Rennes\/wp-json\/wp\/v2\/posts\/4074"}],"collection":[{"href":"http:\/\/culturedelapaix.org\/blogs\/Rennes\/wp-json\/wp\/v2\/posts"}],"about":[{"href":"http:\/\/culturedelapaix.org\/blogs\/Rennes\/wp-json\/wp\/v2\/types\/post"}],"author":[{"embeddable":true,"href":"http:\/\/culturedelapaix.org\/blogs\/Rennes\/wp-json\/wp\/v2\/users\/1"}],"replies":[{"embeddable":true,"href":"http:\/\/culturedelapaix.org\/blogs\/Rennes\/wp-json\/wp\/v2\/comments?post=4074"}],"version-history":[{"count":4,"href":"http:\/\/culturedelapaix.org\/blogs\/Rennes\/wp-json\/wp\/v2\/posts\/4074\/revisions"}],"predecessor-version":[{"id":4079,"href":"http:\/\/culturedelapaix.org\/blogs\/Rennes\/wp-json\/wp\/v2\/posts\/4074\/revisions\/4079"}],"wp:attachment":[{"href":"http:\/\/culturedelapaix.org\/blogs\/Rennes\/wp-json\/wp\/v2\/media?parent=4074"}],"wp:term":[{"taxonomy":"category","embeddable":true,"href":"http:\/\/culturedelapaix.org\/blogs\/Rennes\/wp-json\/wp\/v2\/categories?post=4074"},{"taxonomy":"post_tag","embeddable":true,"href":"http:\/\/culturedelapaix.org\/blogs\/Rennes\/wp-json\/wp\/v2\/tags?post=4074"}],"curies":[{"name":"wp","href":"https:\/\/api.w.org\/{rel}","templated":true}]}}