{"id":2412,"date":"2011-03-18T12:07:05","date_gmt":"2011-03-18T11:07:05","guid":{"rendered":"http:\/\/culturedelapaix.org\/?p=2412"},"modified":"2011-03-18T12:07:05","modified_gmt":"2011-03-18T11:07:05","slug":"libye-rassemblement-ce-soir-a-18h-a-rennes-place-de-la-mairie","status":"publish","type":"post","link":"http:\/\/culturedelapaix.org\/blogs\/Rennes\/2011\/03\/18\/libye-rassemblement-ce-soir-a-18h-a-rennes-place-de-la-mairie\/","title":{"rendered":"Libye: Rassemblement ce soir \u00e0 18h \u00e0 Rennes, Place de la Mairie"},"content":{"rendered":"<p>Apr\u00e8s la d\u00e9cision de l&rsquo;ONU, il est plus qu&rsquo;important que nous mobilisions nos r\u00e9seaux pour que nous soyons nombreux ce soir au rassemblement de solidarit\u00e9 avec le peuple libyen \u00e0 <strong>18h Place de la Mairie \u00e0 Rennes pour faire entendre ce que nous avons \u00e0 dire en termes de solidarit\u00e9 avec les peuples en lutte et sur les solutions pour soutenir ces peuples en Libye et ailleurs et pour faciliter l&rsquo;acc\u00e8s des peuples \u00e0 un avenir enfin humain.<\/strong><\/p>\n<p>R\u00e9fl\u00e9chissons \u00e0 ce qu&rsquo;\u00e0 au lendemain du Tsunami, l&rsquo;ambassadeur du Japon aupr\u00e8s de la conf\u00e9rence du D\u00e9sarmement \u00e0 Gen\u00e8ve adit, \u00e0 savoir que si l&rsquo;homme peut \u00eatre parfois impuissant face \u00e0 des catastrophes naturelles il n&rsquo;en est pas de m\u00eame pour le d\u00e9sarmement qui rel\u00e8ve exclusivement de d\u00e9cisions humaines (donc totalement dans le champ du politique). Roland Nivet et les membres du Mouvement de la Paix vont distribuer des tracts.<\/p>\n<h3>Rassemblement pour dire Non au massacre du peuple Libyen!<br \/>\nVendredi 18 mars \u00e0 18h Rennes Place de la Mairie<\/h3>\n<p>Les mouvements en cours \u00e0 travers le monde et en particulier en Afrique du Nord, dans le monde arabe mais aussi en Afrique constituent un espoir et non une menace pour tous ceux qui esp\u00e8rent un monde plus juste et plus solidaire.<\/p>\n<p>En Egypte et en Tunisie, les peuples ont r\u00e9ussi \u00e0 obtenir des avanc\u00e9es de mani\u00e8re pacifique. Actuellement dans d\u2019autres pays la r\u00e9pression se d\u00e9veloppe et ce, souvent avec les armes que les puissances occidentales et le lobby militaro-industriel ont vendu \u00e0 ces r\u00e9gimes dictatoriaux et\/ou autoritaires.<\/p>\n<p>En Libye, Khadafi apr\u00e8s avoir massacr\u00e9 des manifestants \u00e0 l\u2019arme lourde et avec les bombardements de son aviation s\u2019appr\u00eate \u00e0 Benghazi \u00e0 massacrer les opposants \u00e0 son r\u00e9gime.<\/p>\n<p><strong>Nous vous appelons \u00e0 manifester vendredi 18 mars \u00e0 18h place de la Mairie pour:<\/strong><\/p>\n<li><strong>dire non<\/strong> au massacre du peuple libyen par le r\u00e9gime de Khadafi<\/li>\n<li><strong>demander<\/strong> que la France, l\u2019Union europ\u00e9enne et l\u2019ONU agissent (en dehors de toute aventurisme guerrier et en liaison avec l\u2019opposition libyenne au r\u00e9gime de Khadafi et avec les pays arabes) pour emp\u00eacher un massacre<\/li>\n<li><strong>demander<\/strong> que la France et l\u2019UE d&rsquo;une part revoient leur politique internationale avec ces pays en prenant d\u2019abord en compte les aspirations d\u00e9mocratiques de ces peuples, et d&rsquo;autre part cessent de nourrir la peur des populations europ\u00e9ennes en brandissant syst\u00e9matiquement le spectre de l'\u00a0\u00bbinvasion\u00a0\u00bb. Nous voulons une Europe de la solidarit\u00e9 et de l&rsquo;accueil.<\/li>\n<p><em>Organis\u00e9 par le collectif de solidarit\u00e9 avec des peuples en lutte35.<\/em><br \/>\n<em>Premiers signataires:<\/em> le Mouvement de la Paix, <a href=\"http:\/\/www.mrap.fr\/\" title=\"Mouvement contre le racisme et pour l'amiti\u00e9 entre les peuples\" target=\"_blank\">MRAP<\/a>, <a href=\"http:\/\/atmf.org\/\" title=\"Association des Travailleurs Maghr\u00e9bins de France\" target=\"_blank\">Association des Travailleurs Maghr\u00e9bins de France<\/a>, <a href=\"http:\/\/gauche-unitaire.fr\/\" title=\"Gauche Unitaire\" target=\"_blank\">Gauche Unitaire<\/a>, <a href=\"http:\/\/eelv.fr\/\" title=\"Europe \u00c9cologie - Les Verts\" target=\"_blank\">EELV<\/a>, <a href=\"http:\/\/www.udb-bzh.net\" title=\"Union D\u00e9mocratique Bretonne\" target=\"_blank\">UDB35<\/a>, <a href=\"http:\/\/cridev.org\/\" title=\"Centre Rennais d'information pour le d\u00e9veloppement et la solidarit\u00e9 entre les peuples\" target=\"_blank\">CRIDEV<\/a>, <a href=\"http:\/\/akbdrk.free.fr\/\" title=\"Amiti\u00e9s Kurdes de Bretagne\" target=\"_blank\">AKB<\/a>, <a href=\"http:\/\/lafederation.org\/\" title=\"La F\u00e9d\u00e9ration pour une Alternative Sociale et \u00c9cologique\" target=\"_blank\">FASE<\/a>, <a href=\"http:\/\/www.anticapitaliste-35.org\/\" title=\"Nouveau Parti Anticapitaliste - Ille et Vilaine\" target=\"_blank\">NPA<\/a>, <a href=\"http:\/\/www.rennespalestine.fr\/\" title=\"Comit\u00e9 Rennais France Palestine Solidarit\u00e9\" target=\"_blank\">AFPS<\/a>, <a href=\"http:\/\/www.mirennes.fr\/\" title=\"Maison Internationale de Rennes\" target=\"_blank\">MIR<\/a>.<br \/>\n<em>Autres membres du collectif consult\u00e9s et en attente de r\u00e9ponse:<\/em> PS, PG, ARAC35, ATTAC, SUD.<\/p>\n<p>&nbsp;<\/p>\n","protected":false},"excerpt":{"rendered":"<p>Apr\u00e8s la d\u00e9cision de l&rsquo;ONU, il est plus qu&rsquo;important que nous mobilisions nos r\u00e9seaux pour que nous soyons nombreux ce soir au rassemblement de solidarit\u00e9 avec le peuple libyen \u00e0 18h Place de la Mairie \u00e0 Rennes pour faire entendre ce que nous avons \u00e0 dire en termes de solidarit\u00e9 avec les peuples en lutte [&hellip;]<\/p>\n","protected":false},"author":1,"featured_media":0,"comment_status":"open","ping_status":"open","sticky":false,"template":"","format":"standard","meta":{"_jetpack_newsletter_access":""},"categories":[55,15],"tags":[65,101,100,87,14,10,11,17,18,12,66],"jetpack_featured_media_url":"","jetpack_sharing_enabled":true,"jetpack_likes_enabled":true,"_links":{"self":[{"href":"http:\/\/culturedelapaix.org\/blogs\/Rennes\/wp-json\/wp\/v2\/posts\/2412"}],"collection":[{"href":"http:\/\/culturedelapaix.org\/blogs\/Rennes\/wp-json\/wp\/v2\/posts"}],"about":[{"href":"http:\/\/culturedelapaix.org\/blogs\/Rennes\/wp-json\/wp\/v2\/types\/post"}],"author":[{"embeddable":true,"href":"http:\/\/culturedelapaix.org\/blogs\/Rennes\/wp-json\/wp\/v2\/users\/1"}],"replies":[{"embeddable":true,"href":"http:\/\/culturedelapaix.org\/blogs\/Rennes\/wp-json\/wp\/v2\/comments?post=2412"}],"version-history":[{"count":0,"href":"http:\/\/culturedelapaix.org\/blogs\/Rennes\/wp-json\/wp\/v2\/posts\/2412\/revisions"}],"wp:attachment":[{"href":"http:\/\/culturedelapaix.org\/blogs\/Rennes\/wp-json\/wp\/v2\/media?parent=2412"}],"wp:term":[{"taxonomy":"category","embeddable":true,"href":"http:\/\/culturedelapaix.org\/blogs\/Rennes\/wp-json\/wp\/v2\/categories?post=2412"},{"taxonomy":"post_tag","embeddable":true,"href":"http:\/\/culturedelapaix.org\/blogs\/Rennes\/wp-json\/wp\/v2\/tags?post=2412"}],"curies":[{"name":"wp","href":"https:\/\/api.w.org\/{rel}","templated":true}]}}