{"id":11614,"date":"2026-03-13T17:30:29","date_gmt":"2026-03-13T16:30:29","guid":{"rendered":"https:\/\/culturedelapaix.org\/blogs\/Rennes\/?p=11614"},"modified":"2026-03-13T17:30:29","modified_gmt":"2026-03-13T16:30:29","slug":"le-mouvement-de-la-paix-appelle-a-faire-barrage-a-lextreme-droite","status":"publish","type":"post","link":"http:\/\/culturedelapaix.org\/blogs\/Rennes\/2026\/03\/13\/le-mouvement-de-la-paix-appelle-a-faire-barrage-a-lextreme-droite\/","title":{"rendered":"Le Mouvement de la Paix appelle \u00e0 faire barrage \u00e0 l\u2019extr\u00eame droite"},"content":{"rendered":"\n<figure class=\"wp-block-image size-full\"><img data-attachment-id=\"11550\" data-permalink=\"http:\/\/culturedelapaix.org\/blogs\/Rennes\/2024\/06\/27\/ensemble-faisons-barrage-a-lextreme-droite-dans-les-urnes-et-developpons-les-luttes-pour-la-paix\/non-extreme-droit\/\" data-orig-file=\"http:\/\/culturedelapaix.org\/blogs\/Rennes\/wp-content\/uploads\/non-extreme-droit.jpg\" data-orig-size=\"600,503\" data-comments-opened=\"1\" data-image-meta=\"{&quot;aperture&quot;:&quot;0&quot;,&quot;credit&quot;:&quot;&quot;,&quot;camera&quot;:&quot;&quot;,&quot;caption&quot;:&quot;&quot;,&quot;created_timestamp&quot;:&quot;0&quot;,&quot;copyright&quot;:&quot;&quot;,&quot;focal_length&quot;:&quot;0&quot;,&quot;iso&quot;:&quot;0&quot;,&quot;shutter_speed&quot;:&quot;0&quot;,&quot;title&quot;:&quot;&quot;,&quot;orientation&quot;:&quot;0&quot;}\" data-image-title=\"non \u00e0 l&amp;rsquo;extreme droite\" data-image-description=\"&lt;p&gt;non \u00e0 l&amp;rsquo;extreme droite&lt;\/p&gt;\n\" data-image-caption=\"\" data-medium-file=\"http:\/\/culturedelapaix.org\/blogs\/Rennes\/wp-content\/uploads\/non-extreme-droit-300x252.jpg\" data-large-file=\"http:\/\/culturedelapaix.org\/blogs\/Rennes\/wp-content\/uploads\/non-extreme-droit.jpg\" decoding=\"async\" loading=\"lazy\" width=\"600\" height=\"503\" src=\"http:\/\/culturedelapaix.org\/blogs\/Rennes\/wp-content\/uploads\/non-extreme-droit.jpg\" alt=\"non \u00e0 l'extreme droite\" class=\"wp-image-11550\" srcset=\"http:\/\/culturedelapaix.org\/blogs\/Rennes\/wp-content\/uploads\/non-extreme-droit.jpg 600w, http:\/\/culturedelapaix.org\/blogs\/Rennes\/wp-content\/uploads\/non-extreme-droit-300x252.jpg 300w\" sizes=\"(max-width: 600px) 100vw, 600px\" \/><\/figure>\n\n\n\n<p>Le Mouvement de la Paix contribue \u00e0 la construction d\u2019une culture de la paix et de la non-violence \u00e0 travers l\u2019\u00e9limination de toutes les formes de discrimination, le d\u00e9veloppement de la justice sociale, la compr\u00e9hension mutuelle, la solidarit\u00e9 et l\u2019amiti\u00e9 entre tous les peuples et toutes les cultures.<\/p>\n\n\n\n<p>Depuis sa cr\u00e9ation le Mouvement de la paix participe \u00e0 la promotion de ces valeurs qui sont autant d\u2019\u00e9l\u00e9ments constitutifs du vivre-ensemble en paix dans la fraternit\u00e9 au sein de la soci\u00e9t\u00e9 fran\u00e7aise, dans nos communes et quartiers, mais aussi sur le plan international pour la construction d\u2019un monde, devenu multipolaire, de justice, de solidarit\u00e9 et de paix.<\/p>\n\n\n\n<p>Ces valeurs sont port\u00e9es par la charte des Nations unies, les textes internationaux fondateurs des droits humains et par les r\u00e9solutions des Nations Unies en mati\u00e8re de culture de la paix et de la non-violence.<\/p>\n\n\n\n<p>Ces valeurs fondent notre rejet du racisme, de la x\u00e9nophobie, de la stigmatisation des \u00e9trangers d\u00e9sign\u00e9s \u00e0 tort comme boucs \u00e9missaires pour les probl\u00e8mes que conna\u00eet une partie importante de la soci\u00e9t\u00e9. Elles permettent d\u2019\u00e9laborer, dans la justice et le respect des droits humains, des politiques nationales ou locales de nature \u00e0 r\u00e9pondre aux besoins essentiels de la population tout en favorisant le d\u00e9veloppement du vivre ensemble dans un esprit d\u2019entraide, solidarit\u00e9 et de coop\u00e9ration.<\/p>\n\n\n\n<p>A contrario, l\u2019extr\u00eame droite porte une id\u00e9ologie, contraire \u00e0 ces valeurs humanistes, qui ne peut que nous entra\u00eener vers la spirale des divisions, du racisme, des haines et des violences.<\/p>\n\n\n\n<p><strong>Le Mouvement de la Paix, le 12 mars 2026<\/strong><\/p>\n\n\n\n<hr class=\"wp-block-separator has-alpha-channel-opacity\"\/>\n\n\n\n<p>Le Mouvement de la paix rappelle qu\u2019il a sign\u00e9 la tribune collective en date du 24 f\u00e9vrier 2026 <a href=\"https:\/\/www.ldh-france.org\/28-fevrier-2026-tribune-collective-ne-laissons-pas-lextreme-droite-decider-de-lavenir-de-nos-territoires-par-la-tribune-dimanche\/\">28 f\u00e9vrier 2026 -Tribune collective \u00ab Ne laissons pas l\u2019extr\u00eame droite d\u00e9cider de l\u2019avenir de nos territoires \u00bb, publi\u00e9e sur la Tribune dimanche<\/a>, publi\u00e9e sur La Tribune Dimanche et sign\u00e9e par :<\/p>\n\n\n\n<p>Marylise L\u00e9on, Secr\u00e9taire g\u00e9n\u00e9rale de la CFDT ; Sophie Binet, Secr\u00e9taire g\u00e9n\u00e9rale de la CGT ; Najat Vallaud-Belkacem, Pr\u00e9sidente de France Terre d\u2019Asile ; C\u00e9cile Duflot, Directrice g\u00e9n\u00e9rale d\u2019Oxfam France ; Bruno Morel, Pr\u00e9sident d\u2019Emma\u00fcs France ; Nathalie Tehio, Pr\u00e9sidente de la LDH (Ligue des droits de l\u2019Homme) ; Dominique Sopo, Pr\u00e9sident de SOS Racisme ; Laurent Escure, Secr\u00e9taire g\u00e9n\u00e9ral de l\u2019UNSA ; Caroline Chev\u00e9, Secr\u00e9taire g\u00e9n\u00e9rale de la FSU ; Julie Ferrua et Murielle Guilbert, Co-d\u00e9l\u00e9gu\u00e9es g\u00e9n\u00e9rales de l\u2019Union syndicale Solidaires ; Patricia Coler, D\u00e9l\u00e9gu\u00e9e g\u00e9n\u00e9rale de l\u2019UFISC ; R\u00e9gis Balry, Directeur National du CEMEA ; Jos\u00e9phine Delpeyrat, D\u00e9l\u00e9gu\u00e9e g\u00e9n\u00e9rale d\u2019Animafac ; Sophie Descarpentries, Copr\u00e9sidente de FRENE, r\u00e9seau fran\u00e7ais d\u2019\u00e9ducation \u00e0 la nature et \u00e0 l\u2019environnement ; Anne F\u00e9ray, Copr\u00e9sidente du MRAP, Mouvement contre le Racisme et pour l\u2019Amiti\u00e9 entre les Peuples ; Tatiana Formet, Repr\u00e9sentante l\u00e9gale du Mouvement national Peuple et Culture ; Enzo Garcia, Pr\u00e9sident d\u2019Erasmus Student Network France ; Antoine Gatet, Pr\u00e9sident de France Nature Environnement ; Nicolas Gavrilenko, Pr\u00e9sident de l\u2019UFAL (Union des Familles La\u00efques) ; Monique Guyot-Bernit, Pr\u00e9sidente de la Cimade ; Hania Hamidi, Secr\u00e9taire g\u00e9n\u00e9rale de l\u2019UNEF ; Yannick Herv\u00e9, Coordinateur national 1001 territoires Pour la fraternit\u00e9 ; Evanne Jeanne-Rose, Pr\u00e9sident de l\u2019Union Nationale pour l\u2019Habitat Jeunes (UNHAJ) ; Ugo Joly, Pr\u00e9sident de Concordia ; H\u00e9l\u00e8ne Lacassagne, Pr\u00e9sidente de La Ligue de l\u2019Enseignement ; Aurore Laloux, Pr\u00e9sidente des Jeunes Europ\u00e9ens \u2013 France ; Armel Le Coz, Co-pr\u00e9sident de D\u00e9mocratie ouverte ; Anne Maz\u00e9, Pr\u00e9sidente de l\u2019Association des Ludoth\u00e8ques Fran\u00e7aises ; Olivier Morzelle, Pr\u00e9sident d\u2019ATD Quart Monde ; Daniel Mosmant, Administrateur d\u2019URHAJ \u00cele-de-France ; Suzanne Nijdam, Pr\u00e9sidente de la FAGE \u2013 F\u00e9d\u00e9ration des Associations G\u00e9n\u00e9rales \u00c9tudiantes ; <strong>Roland Nivet, Secr\u00e9taire national et porte-parole national du Mouvement de la paix<\/strong> ; C\u00e9line Piques, Porte-parole d\u2019Osez le F\u00e9minisme ; Suzy Rojtman, Porte-parole du Collectif national pour les Droits des Femmes ; Fran\u00e7ois Sauterey, Copr\u00e9sident du MRAP, Mouvement contre le Racisme et pour l\u2019Amiti\u00e9 entre les Peuples ; Arnaud Tiercelin, Copr\u00e9sident du CNAJEP.<\/p>\n","protected":false},"excerpt":{"rendered":"<p>Le Mouvement de la Paix contribue \u00e0 la construction d\u2019une culture de la paix et de la non-violence \u00e0 travers l\u2019\u00e9limination de toutes les formes de discrimination, le d\u00e9veloppement de la justice sociale, la compr\u00e9hension mutuelle, la solidarit\u00e9 et l\u2019amiti\u00e9 entre tous les peuples et toutes les cultures. Depuis sa cr\u00e9ation le Mouvement de la [&hellip;]<\/p>\n","protected":false},"author":1,"featured_media":0,"comment_status":"open","ping_status":"closed","sticky":false,"template":"","format":"standard","meta":{"_jetpack_newsletter_access":""},"categories":[4,33],"tags":[],"jetpack_featured_media_url":"","jetpack_sharing_enabled":true,"jetpack_likes_enabled":true,"_links":{"self":[{"href":"http:\/\/culturedelapaix.org\/blogs\/Rennes\/wp-json\/wp\/v2\/posts\/11614"}],"collection":[{"href":"http:\/\/culturedelapaix.org\/blogs\/Rennes\/wp-json\/wp\/v2\/posts"}],"about":[{"href":"http:\/\/culturedelapaix.org\/blogs\/Rennes\/wp-json\/wp\/v2\/types\/post"}],"author":[{"embeddable":true,"href":"http:\/\/culturedelapaix.org\/blogs\/Rennes\/wp-json\/wp\/v2\/users\/1"}],"replies":[{"embeddable":true,"href":"http:\/\/culturedelapaix.org\/blogs\/Rennes\/wp-json\/wp\/v2\/comments?post=11614"}],"version-history":[{"count":2,"href":"http:\/\/culturedelapaix.org\/blogs\/Rennes\/wp-json\/wp\/v2\/posts\/11614\/revisions"}],"predecessor-version":[{"id":11616,"href":"http:\/\/culturedelapaix.org\/blogs\/Rennes\/wp-json\/wp\/v2\/posts\/11614\/revisions\/11616"}],"wp:attachment":[{"href":"http:\/\/culturedelapaix.org\/blogs\/Rennes\/wp-json\/wp\/v2\/media?parent=11614"}],"wp:term":[{"taxonomy":"category","embeddable":true,"href":"http:\/\/culturedelapaix.org\/blogs\/Rennes\/wp-json\/wp\/v2\/categories?post=11614"},{"taxonomy":"post_tag","embeddable":true,"href":"http:\/\/culturedelapaix.org\/blogs\/Rennes\/wp-json\/wp\/v2\/tags?post=11614"}],"curies":[{"name":"wp","href":"https:\/\/api.w.org\/{rel}","templated":true}]}}