{"id":11554,"date":"2024-06-07T15:16:00","date_gmt":"2024-06-07T13:16:00","guid":{"rendered":"https:\/\/culturedelapaix.org\/blogs\/Rennes\/?p=11554"},"modified":"2024-09-21T08:13:07","modified_gmt":"2024-09-21T06:13:07","slug":"en-ce-6-juin-2024-le-mouvement-de-la-paix-rend-hommage-aux-soldats-aux-resistants-et-a-toutes-les-victimes-de-la-barbarie-fasciste-et-nazie","status":"publish","type":"post","link":"http:\/\/culturedelapaix.org\/blogs\/Rennes\/2024\/06\/07\/en-ce-6-juin-2024-le-mouvement-de-la-paix-rend-hommage-aux-soldats-aux-resistants-et-a-toutes-les-victimes-de-la-barbarie-fasciste-et-nazie\/","title":{"rendered":"En ce 6 juin 2024,\u00a0Le Mouvement de la paix rend hommage aux soldats, aux r\u00e9sistants\u00a0et \u00e0 toutes les victimes de la barbarie fasciste et nazie"},"content":{"rendered":"\n<h3>\u00ab Pour son avenir l\u2019humanit\u00e9 n\u2019a d\u2019autre chemin que la paix \u00bb<\/h3>\n\n\n\n<p>\u00c0 l\u2019occasion du 6 juin 2024, anniversaire du d\u00e9barquement en Normandie, le Mouvement de la Paix, mouvement cr\u00e9\u00e9 \u00e0 l\u2019initiative de r\u00e9sistants \u00e0 la barbarie, au fascisme et au nazisme, rend hommage aux r\u00e9sistants et soldats de toutes nations, \u00e0 toutes celles et tous ceux qui ont r\u00e9sist\u00e9 au nazisme et au fascisme, mais aussi aux millions de personnes civiles qui, \u00e0 travers le monde ont perdu la vie dans cette guerre.<\/p>\n\n\n\n<p>A cette occasion le Mouvement de la Paix rappelle que la principale le\u00e7on \u00e0 tirer de cette guerre a \u00e9t\u00e9 \u00e9crite \u00e0 travers la r\u00e9daction de la Charte des Nations unies dont le pr\u00e9ambule commence par ces mots : <strong><em>\u00ab Nous, Peuples des Nations unies r\u00e9solus, <\/em><\/strong><\/p>\n\n\n\n<ul>\n<li>\u00e0 pr\u00e9server les g\u00e9n\u00e9rations futures du fl\u00e9au de la guerre qui deux fois en l\u2019espace d\u2019une vie humaine a inflig\u00e9 \u00e0 l\u2019humanit\u00e9 d\u2019indicibles souffrances<\/li>\n\n\n\n<li>\u00e0 proclamer \u00e0 nouveau notre foi dans les droits fondamentaux de l\u2019homme, dans la dignit\u00e9, la valeur de la personne humaine, dans l\u2019\u00e9galit\u00e9 des droits des hommes et des femmes, ainsi que des nations, grandes et petites, <\/li>\n\n\n\n<li>\u00e0 cr\u00e9er les conditions n\u00e9cessaires au maintien de la justice et du respect des obligations n\u00e9es des trait\u00e9s et autres sources du droit international, <\/li>\n\n\n\n<li>\u00e0 favoriser le progr\u00e8s social et instaurer de meilleures conditions de vie dans la libert\u00e9 la plus grande\u2026 \u00bb<\/li>\n<\/ul>\n\n\n\n<p>En s\u2019appuyant sur notre m\u00e9moire collective, Le Mouvement de la Paix entend faire vivre le message port\u00e9 par ce pr\u00e9ambule, en soulignant que, dans la situation actuelle d\u2019un monde travers\u00e9 par des conflits majeurs, <strong>pour son avenir l\u2019humanit\u00e9 n\u2019a d\u2019autre chemin que la paix.<\/strong><\/p>\n\n\n\n<p>C\u2019est la raison pour laquelle, au-del\u00e0 de cet hommage, Le Mouvement de la Paix, en tant que membre du Collectif National des Marches pour la Paix, appelle tous les citoyennes et citoyennes, \u00e0 se mobiliser pour la paix dans toutes les communes de France, <strong>le samedi 21 septembre 2024, \u00e0 l\u2019occasion de la journ\u00e9e internationale de la paix initi\u00e9e par les Nations unies.<\/strong><\/p>\n\n\n\n<p>Le jeudi 6 juin 2024<br>Le Mouvement de la Paix<\/p>\n","protected":false},"excerpt":{"rendered":"<p>\u00ab Pour son avenir l\u2019humanit\u00e9 n\u2019a d\u2019autre chemin que la paix \u00bb \u00c0 l\u2019occasion du 6 juin 2024, anniversaire du d\u00e9barquement en Normandie, le Mouvement de la Paix, mouvement cr\u00e9\u00e9 \u00e0 l\u2019initiative de r\u00e9sistants \u00e0 la barbarie, au fascisme et au nazisme, rend hommage aux r\u00e9sistants et soldats de toutes nations, \u00e0 toutes celles et [&hellip;]<\/p>\n","protected":false},"author":1,"featured_media":0,"comment_status":"open","ping_status":"closed","sticky":false,"template":"","format":"standard","meta":{"_jetpack_newsletter_access":""},"categories":[4,240,3],"tags":[29,101,11],"jetpack_featured_media_url":"","jetpack_sharing_enabled":true,"jetpack_likes_enabled":true,"_links":{"self":[{"href":"http:\/\/culturedelapaix.org\/blogs\/Rennes\/wp-json\/wp\/v2\/posts\/11554"}],"collection":[{"href":"http:\/\/culturedelapaix.org\/blogs\/Rennes\/wp-json\/wp\/v2\/posts"}],"about":[{"href":"http:\/\/culturedelapaix.org\/blogs\/Rennes\/wp-json\/wp\/v2\/types\/post"}],"author":[{"embeddable":true,"href":"http:\/\/culturedelapaix.org\/blogs\/Rennes\/wp-json\/wp\/v2\/users\/1"}],"replies":[{"embeddable":true,"href":"http:\/\/culturedelapaix.org\/blogs\/Rennes\/wp-json\/wp\/v2\/comments?post=11554"}],"version-history":[{"count":2,"href":"http:\/\/culturedelapaix.org\/blogs\/Rennes\/wp-json\/wp\/v2\/posts\/11554\/revisions"}],"predecessor-version":[{"id":11580,"href":"http:\/\/culturedelapaix.org\/blogs\/Rennes\/wp-json\/wp\/v2\/posts\/11554\/revisions\/11580"}],"wp:attachment":[{"href":"http:\/\/culturedelapaix.org\/blogs\/Rennes\/wp-json\/wp\/v2\/media?parent=11554"}],"wp:term":[{"taxonomy":"category","embeddable":true,"href":"http:\/\/culturedelapaix.org\/blogs\/Rennes\/wp-json\/wp\/v2\/categories?post=11554"},{"taxonomy":"post_tag","embeddable":true,"href":"http:\/\/culturedelapaix.org\/blogs\/Rennes\/wp-json\/wp\/v2\/tags?post=11554"}],"curies":[{"name":"wp","href":"https:\/\/api.w.org\/{rel}","templated":true}]}}