{"id":1154,"date":"2010-09-30T18:46:27","date_gmt":"2010-09-30T16:46:27","guid":{"rendered":"http:\/\/culturedelapaix.org\/?p=1154"},"modified":"2013-03-18T17:39:48","modified_gmt":"2013-03-18T16:39:48","slug":"la-cgt-et-le-mouvement-de-la-paix-ont-construit-ensemble-une-expo","status":"publish","type":"post","link":"http:\/\/culturedelapaix.org\/blogs\/Rennes\/2010\/09\/30\/la-cgt-et-le-mouvement-de-la-paix-ont-construit-ensemble-une-expo\/","title":{"rendered":"La CGT et le Mouvement de la Paix ont construit ensemble une expo"},"content":{"rendered":"<div id=\"attachment_1155\" style=\"width: 310px\" class=\"wp-caption alignright\"><img aria-describedby=\"caption-attachment-1155\" decoding=\"async\" loading=\"lazy\" src=\"http:\/\/culturedelapaix.org\/wp-content\/uploads\/2012\/08\/CGT35TNPNY.jpg\" alt=\"\" title=\"Mouvement de la Paix \u00e0 New York\" width=\"300\" height=\"225\" class=\"size-full wp-image-1155\" \/><p id=\"caption-attachment-1155\" class=\"wp-caption-text\">Servane \u00e0 droite sur la photo derri\u00e8re la banderolle de Rennes \u00e0 New York le 1 mai 2010<\/p><\/div>\n<p>Cette expo a \u00e9t\u00e9 r\u00e9alis\u00e9e par Servane Revault, membre du bureau de l&rsquo;union d\u00e9partamental CGT35 en liaison avec les membres du Mouvement de la Paix.<\/p>\n<p>Servane avait \u00e9t\u00e9 mandat\u00e9e par l&rsquo;UD CGT35 pour participer \u00e0 <a href=\"http:\/\/www.mvtpaix.org\/campagnes\/desarmement-nucleaire\/NewYork2010\/newyork2010.php\" title=\"Mouvement de la Paix \u00e0 NY\" target=\"_blank\">la conf\u00e9rence de r\u00e9vision du TNP \u00e0 New York<\/a>.<\/p>\n<p>Elle nous restitue son ressenti de syndicaliste et pacifiste \u00e0 travers une quinzaine de panneaux qui seront expos\u00e9s \u00e0 l&rsquo;UD CGT \u00e0 partir du 4 octobre.<\/p>\n<p>Ces panneaux circuleront ensuite dans le d\u00e9partement et seront aussi expos\u00e9s \u00e0 la Maison de la Paix.<\/p>\n<p>&nbsp;<\/p>\n","protected":false},"excerpt":{"rendered":"<p>Cette expo a \u00e9t\u00e9 r\u00e9alis\u00e9e par Servane Revault, membre du bureau de l&rsquo;union d\u00e9partamental CGT35 en liaison avec les membres du Mouvement de la Paix. Servane avait \u00e9t\u00e9 mandat\u00e9e par l&rsquo;UD CGT35 pour participer \u00e0 la conf\u00e9rence de r\u00e9vision du TNP \u00e0 New York. Elle nous restitue son ressenti de syndicaliste et pacifiste \u00e0 travers [&hellip;]<\/p>\n","protected":false},"author":1,"featured_media":0,"comment_status":"open","ping_status":"open","sticky":false,"template":"","format":"standard","meta":{"_jetpack_newsletter_access":""},"categories":[13,15],"tags":[6,14,16,17,18,12,19,20],"jetpack_featured_media_url":"","jetpack_sharing_enabled":true,"jetpack_likes_enabled":true,"_links":{"self":[{"href":"http:\/\/culturedelapaix.org\/blogs\/Rennes\/wp-json\/wp\/v2\/posts\/1154"}],"collection":[{"href":"http:\/\/culturedelapaix.org\/blogs\/Rennes\/wp-json\/wp\/v2\/posts"}],"about":[{"href":"http:\/\/culturedelapaix.org\/blogs\/Rennes\/wp-json\/wp\/v2\/types\/post"}],"author":[{"embeddable":true,"href":"http:\/\/culturedelapaix.org\/blogs\/Rennes\/wp-json\/wp\/v2\/users\/1"}],"replies":[{"embeddable":true,"href":"http:\/\/culturedelapaix.org\/blogs\/Rennes\/wp-json\/wp\/v2\/comments?post=1154"}],"version-history":[{"count":2,"href":"http:\/\/culturedelapaix.org\/blogs\/Rennes\/wp-json\/wp\/v2\/posts\/1154\/revisions"}],"predecessor-version":[{"id":3672,"href":"http:\/\/culturedelapaix.org\/blogs\/Rennes\/wp-json\/wp\/v2\/posts\/1154\/revisions\/3672"}],"wp:attachment":[{"href":"http:\/\/culturedelapaix.org\/blogs\/Rennes\/wp-json\/wp\/v2\/media?parent=1154"}],"wp:term":[{"taxonomy":"category","embeddable":true,"href":"http:\/\/culturedelapaix.org\/blogs\/Rennes\/wp-json\/wp\/v2\/categories?post=1154"},{"taxonomy":"post_tag","embeddable":true,"href":"http:\/\/culturedelapaix.org\/blogs\/Rennes\/wp-json\/wp\/v2\/tags?post=1154"}],"curies":[{"name":"wp","href":"https:\/\/api.w.org\/{rel}","templated":true}]}}