{"id":10963,"date":"2022-10-09T15:13:26","date_gmt":"2022-10-09T13:13:26","guid":{"rendered":"http:\/\/culturedelapaix.org\/blogs\/Rennes\/?p=10963"},"modified":"2022-10-09T15:13:27","modified_gmt":"2022-10-09T13:13:27","slug":"la-revue-de-la-federation-lsr-consacre-5-pages-a-la-paix","status":"publish","type":"post","link":"http:\/\/culturedelapaix.org\/blogs\/Rennes\/2022\/10\/09\/la-revue-de-la-federation-lsr-consacre-5-pages-a-la-paix\/","title":{"rendered":"La revue de la f\u00e9d\u00e9ration LSR consacre 5 pages \u00e0 la paix"},"content":{"rendered":"\n<p>Cinq pages d&rsquo;expression sur la paix et le Mouvement de la Paix dans une revue nationale de loisirs et solidarit\u00e9. Merci \u00e0 son r\u00e9dacteur en chef Alain Raynal.<\/p>\n\n\n\n<div class=\"wp-block-image\"><figure class=\"aligncenter\"><img data-attachment-id=\"10975\" data-permalink=\"http:\/\/culturedelapaix.org\/blogs\/Rennes\/2022\/10\/09\/la-revue-de-la-federation-lsr-consacre-5-pages-a-la-paix\/lsr-124750\/\" data-orig-file=\"http:\/\/culturedelapaix.org\/blogs\/Rennes\/wp-content\/uploads\/LSR-124750.jpg\" data-orig-size=\"350,476\" data-comments-opened=\"1\" data-image-meta=\"{&quot;aperture&quot;:&quot;0&quot;,&quot;credit&quot;:&quot;&quot;,&quot;camera&quot;:&quot;&quot;,&quot;caption&quot;:&quot;&quot;,&quot;created_timestamp&quot;:&quot;0&quot;,&quot;copyright&quot;:&quot;&quot;,&quot;focal_length&quot;:&quot;0&quot;,&quot;iso&quot;:&quot;0&quot;,&quot;shutter_speed&quot;:&quot;0&quot;,&quot;title&quot;:&quot;&quot;,&quot;orientation&quot;:&quot;0&quot;}\" data-image-title=\"LSR-124750\" data-image-description=\"\" data-image-caption=\"\" data-medium-file=\"http:\/\/culturedelapaix.org\/blogs\/Rennes\/wp-content\/uploads\/LSR-124750-221x300.jpg\" data-large-file=\"http:\/\/culturedelapaix.org\/blogs\/Rennes\/wp-content\/uploads\/LSR-124750.jpg\" decoding=\"async\" loading=\"lazy\" width=\"350\" height=\"476\" src=\"https:\/\/culturedelapaix.org\/blogs\/Rennes\/wp-content\/uploads\/LSR-124750.jpg\" alt=\"Pr\u00e9sence LSR 125\" class=\"wp-image-10975\" srcset=\"http:\/\/culturedelapaix.org\/blogs\/Rennes\/wp-content\/uploads\/LSR-124750.jpg 350w, http:\/\/culturedelapaix.org\/blogs\/Rennes\/wp-content\/uploads\/LSR-124750-221x300.jpg 221w\" sizes=\"(max-width: 350px) 100vw, 350px\" \/><\/figure><\/div>\n\n\n\n<p>Le num\u00e9ro 125 de la revue de la f\u00e9d\u00e9ration nationale des associations de  loisirs et solidarit\u00e9 des retrait\u00e9s consacre cinq pages dont la page de garde sur le th\u00e8me \u00ab\u00a0la paix a besoin de monde et le monde a besoin de paix\u00a0\u00bb.<\/p>\n\n\n\n<div class=\"wp-block-image\"><figure class=\"aligncenter\"><img data-attachment-id=\"10974\" data-permalink=\"http:\/\/culturedelapaix.org\/blogs\/Rennes\/2022\/10\/09\/la-revue-de-la-federation-lsr-consacre-5-pages-a-la-paix\/lsr-124808\/\" data-orig-file=\"http:\/\/culturedelapaix.org\/blogs\/Rennes\/wp-content\/uploads\/LSR-124808.jpg\" data-orig-size=\"350,463\" data-comments-opened=\"1\" data-image-meta=\"{&quot;aperture&quot;:&quot;0&quot;,&quot;credit&quot;:&quot;&quot;,&quot;camera&quot;:&quot;&quot;,&quot;caption&quot;:&quot;&quot;,&quot;created_timestamp&quot;:&quot;0&quot;,&quot;copyright&quot;:&quot;&quot;,&quot;focal_length&quot;:&quot;0&quot;,&quot;iso&quot;:&quot;0&quot;,&quot;shutter_speed&quot;:&quot;0&quot;,&quot;title&quot;:&quot;&quot;,&quot;orientation&quot;:&quot;0&quot;}\" data-image-title=\"LSR-124808\" data-image-description=\"\" data-image-caption=\"\" data-medium-file=\"http:\/\/culturedelapaix.org\/blogs\/Rennes\/wp-content\/uploads\/LSR-124808-227x300.jpg\" data-large-file=\"http:\/\/culturedelapaix.org\/blogs\/Rennes\/wp-content\/uploads\/LSR-124808.jpg\" decoding=\"async\" loading=\"lazy\" width=\"350\" height=\"463\" src=\"https:\/\/culturedelapaix.org\/blogs\/Rennes\/wp-content\/uploads\/LSR-124808.jpg\" alt=\"la course au surarmement\" class=\"wp-image-10974\" srcset=\"http:\/\/culturedelapaix.org\/blogs\/Rennes\/wp-content\/uploads\/LSR-124808.jpg 350w, http:\/\/culturedelapaix.org\/blogs\/Rennes\/wp-content\/uploads\/LSR-124808-227x300.jpg 227w\" sizes=\"(max-width: 350px) 100vw, 350px\" \/><\/figure><\/div>\n\n\n\n<p>Chaque militant peut \u00e9ventuellement solliciter son organisation syndicale, ou une revue associative pour s&rsquo;exprimer sur les questions de la paix. La  multiplication d&rsquo;expression dans des revues syndicales ou associatives est aussi une mani\u00e8re de promouvoir la culture de la paix en touchant chaque fois des publics diff\u00e9rents.<br><\/p>\n\n\n\n<figure class=\"wp-block-image\"><img data-attachment-id=\"10973\" data-permalink=\"http:\/\/culturedelapaix.org\/blogs\/Rennes\/2022\/10\/09\/la-revue-de-la-federation-lsr-consacre-5-pages-a-la-paix\/lsr-124846\/\" data-orig-file=\"http:\/\/culturedelapaix.org\/blogs\/Rennes\/wp-content\/uploads\/LSR-124846.jpg\" data-orig-size=\"750,455\" data-comments-opened=\"1\" data-image-meta=\"{&quot;aperture&quot;:&quot;0&quot;,&quot;credit&quot;:&quot;&quot;,&quot;camera&quot;:&quot;&quot;,&quot;caption&quot;:&quot;&quot;,&quot;created_timestamp&quot;:&quot;0&quot;,&quot;copyright&quot;:&quot;&quot;,&quot;focal_length&quot;:&quot;0&quot;,&quot;iso&quot;:&quot;0&quot;,&quot;shutter_speed&quot;:&quot;0&quot;,&quot;title&quot;:&quot;&quot;,&quot;orientation&quot;:&quot;0&quot;}\" data-image-title=\"LSR-124846\" data-image-description=\"\" data-image-caption=\"\" data-medium-file=\"http:\/\/culturedelapaix.org\/blogs\/Rennes\/wp-content\/uploads\/LSR-124846-300x182.jpg\" data-large-file=\"http:\/\/culturedelapaix.org\/blogs\/Rennes\/wp-content\/uploads\/LSR-124846.jpg\" decoding=\"async\" loading=\"lazy\" width=\"750\" height=\"455\" src=\"https:\/\/culturedelapaix.org\/blogs\/Rennes\/wp-content\/uploads\/LSR-124846.jpg\" alt=\"Questions \u00e0 Roland Nivet\" class=\"wp-image-10973\" srcset=\"http:\/\/culturedelapaix.org\/blogs\/Rennes\/wp-content\/uploads\/LSR-124846.jpg 750w, http:\/\/culturedelapaix.org\/blogs\/Rennes\/wp-content\/uploads\/LSR-124846-300x182.jpg 300w\" sizes=\"(max-width: 750px) 100vw, 750px\" \/><\/figure>\n","protected":false},"excerpt":{"rendered":"<p>Cinq pages d&rsquo;expression sur la paix et le Mouvement de la Paix dans une revue nationale de loisirs et solidarit\u00e9. Merci \u00e0 son r\u00e9dacteur en chef Alain Raynal. Le num\u00e9ro 125 de la revue de la f\u00e9d\u00e9ration nationale des associations de loisirs et solidarit\u00e9 des retrait\u00e9s consacre cinq pages dont la page de garde sur [&hellip;]<\/p>\n","protected":false},"author":1,"featured_media":0,"comment_status":"open","ping_status":"closed","sticky":false,"template":"","format":"standard","meta":{"_jetpack_newsletter_access":""},"categories":[56],"tags":[],"jetpack_featured_media_url":"","jetpack_sharing_enabled":true,"jetpack_likes_enabled":true,"_links":{"self":[{"href":"http:\/\/culturedelapaix.org\/blogs\/Rennes\/wp-json\/wp\/v2\/posts\/10963"}],"collection":[{"href":"http:\/\/culturedelapaix.org\/blogs\/Rennes\/wp-json\/wp\/v2\/posts"}],"about":[{"href":"http:\/\/culturedelapaix.org\/blogs\/Rennes\/wp-json\/wp\/v2\/types\/post"}],"author":[{"embeddable":true,"href":"http:\/\/culturedelapaix.org\/blogs\/Rennes\/wp-json\/wp\/v2\/users\/1"}],"replies":[{"embeddable":true,"href":"http:\/\/culturedelapaix.org\/blogs\/Rennes\/wp-json\/wp\/v2\/comments?post=10963"}],"version-history":[{"count":3,"href":"http:\/\/culturedelapaix.org\/blogs\/Rennes\/wp-json\/wp\/v2\/posts\/10963\/revisions"}],"predecessor-version":[{"id":10977,"href":"http:\/\/culturedelapaix.org\/blogs\/Rennes\/wp-json\/wp\/v2\/posts\/10963\/revisions\/10977"}],"wp:attachment":[{"href":"http:\/\/culturedelapaix.org\/blogs\/Rennes\/wp-json\/wp\/v2\/media?parent=10963"}],"wp:term":[{"taxonomy":"category","embeddable":true,"href":"http:\/\/culturedelapaix.org\/blogs\/Rennes\/wp-json\/wp\/v2\/categories?post=10963"},{"taxonomy":"post_tag","embeddable":true,"href":"http:\/\/culturedelapaix.org\/blogs\/Rennes\/wp-json\/wp\/v2\/tags?post=10963"}],"curies":[{"name":"wp","href":"https:\/\/api.w.org\/{rel}","templated":true}]}}