{"id":10641,"date":"2022-05-18T12:14:27","date_gmt":"2022-05-18T10:14:27","guid":{"rendered":"http:\/\/culturedelapaix.org\/blogs\/Rennes\/?p=10641"},"modified":"2022-05-18T12:14:29","modified_gmt":"2022-05-18T10:14:29","slug":"cine-debat-le-20-mai-a-20h15-a-larvor-de-rennes","status":"publish","type":"post","link":"http:\/\/culturedelapaix.org\/blogs\/Rennes\/2022\/05\/18\/cine-debat-le-20-mai-a-20h15-a-larvor-de-rennes\/","title":{"rendered":"Cin\u00e9 d\u00e9bat le 20 mai \u00e0 20h15 \u00e0 L&rsquo;Arvor de Rennes"},"content":{"rendered":"\n<p>Dans le cadre de la quinzaine du commerce \u00e9quitable, <a href=\"http:\/\/commerce-equitable-bretagne.org\/\">Bretagne CENS<\/a> (Commerce \u00e9quitable Nord\/Sud) organise en partenariat avec le cin\u00e9ma <a href=\"https:\/\/www.cinema-arvor.fr\/\">l&rsquo;Arvor<\/a> une soir\u00e9e cin\u00e9-d\u00e9bat ax\u00e9e sur les moyens alternatifs de production et de consommation.<\/p>\n\n\n\n<figure class=\"wp-block-image\"><img decoding=\"async\" loading=\"lazy\" width=\"680\" height=\"962\" src=\"https:\/\/culturedelapaix.org\/blogs\/Rennes\/wp-content\/uploads\/sur-le-champ-arvor.jpg\" alt=\"film Sur le Champ \u00e0 l'Arvor\" class=\"wp-image-10642\" srcset=\"http:\/\/culturedelapaix.org\/blogs\/Rennes\/wp-content\/uploads\/sur-le-champ-arvor.jpg 680w, http:\/\/culturedelapaix.org\/blogs\/Rennes\/wp-content\/uploads\/sur-le-champ-arvor-212x300.jpg 212w\" sizes=\"(max-width: 680px) 100vw, 680px\" \/><\/figure>\n","protected":false},"excerpt":{"rendered":"<p>Dans le cadre de la quinzaine du commerce \u00e9quitable, Bretagne CENS (Commerce \u00e9quitable Nord\/Sud) organise en partenariat avec le cin\u00e9ma l&rsquo;Arvor une soir\u00e9e cin\u00e9-d\u00e9bat ax\u00e9e sur les moyens alternatifs de production et de consommation.<\/p>\n","protected":false},"author":1,"featured_media":0,"comment_status":"open","ping_status":"closed","sticky":false,"template":"","format":"standard","meta":[],"categories":[70,241],"tags":[71,191],"_links":{"self":[{"href":"http:\/\/culturedelapaix.org\/blogs\/Rennes\/wp-json\/wp\/v2\/posts\/10641"}],"collection":[{"href":"http:\/\/culturedelapaix.org\/blogs\/Rennes\/wp-json\/wp\/v2\/posts"}],"about":[{"href":"http:\/\/culturedelapaix.org\/blogs\/Rennes\/wp-json\/wp\/v2\/types\/post"}],"author":[{"embeddable":true,"href":"http:\/\/culturedelapaix.org\/blogs\/Rennes\/wp-json\/wp\/v2\/users\/1"}],"replies":[{"embeddable":true,"href":"http:\/\/culturedelapaix.org\/blogs\/Rennes\/wp-json\/wp\/v2\/comments?post=10641"}],"version-history":[{"count":2,"href":"http:\/\/culturedelapaix.org\/blogs\/Rennes\/wp-json\/wp\/v2\/posts\/10641\/revisions"}],"predecessor-version":[{"id":10644,"href":"http:\/\/culturedelapaix.org\/blogs\/Rennes\/wp-json\/wp\/v2\/posts\/10641\/revisions\/10644"}],"wp:attachment":[{"href":"http:\/\/culturedelapaix.org\/blogs\/Rennes\/wp-json\/wp\/v2\/media?parent=10641"}],"wp:term":[{"taxonomy":"category","embeddable":true,"href":"http:\/\/culturedelapaix.org\/blogs\/Rennes\/wp-json\/wp\/v2\/categories?post=10641"},{"taxonomy":"post_tag","embeddable":true,"href":"http:\/\/culturedelapaix.org\/blogs\/Rennes\/wp-json\/wp\/v2\/tags?post=10641"}],"curies":[{"name":"wp","href":"https:\/\/api.w.org\/{rel}","templated":true}]}}